{"id":100,"date":"2011-03-02T01:37:18","date_gmt":"2011-03-01T23:37:18","guid":{"rendered":"http:\/\/sergiumotreanu.wordpress.com\/?p=100"},"modified":"2011-03-02T01:37:18","modified_gmt":"2011-03-01T23:37:18","slug":"primavara","status":"publish","type":"post","link":"https:\/\/www.sergiumotreanu.ro\/?p=100","title":{"rendered":"Prim\u0103vara"},"content":{"rendered":"<p>A venit Prim\u0103vara. \u00a0Surpriz\u0103 ? E Prim\u0103vara mea ?<\/p>\n<p>Ei, a\u0219 (\u00een sensul de &#8211; nici g\u00e2nd, vorba vine, da&#8217; de unde). Nici o surpriz\u0103. Cel pu\u021bin din punctul de vedere al calendarului adoptat pe vremea \u00eemp\u0103ratului Gaius Julius Caesar (iulian), c\u00e2t \u0219i al celui adoptat pe vremea papei Grigorie al XIII-lea (gregorian) . \u201dPe tabla lui de \u015fah, un nebun valoreaz\u0103 mai mult dec\u00e2t un rege \u015fi o regin\u0103 la un loc\u201d, scriam \u00eentr-un post de acum ceva timp intitulat <a title=\"A\u0219a-i \u00een \u0219ah.\" href=\"http:\/\/sergiumotreanu.wordpress.com\/2008\/02\/14\/ziua-indragostitilor-1-an\/\" target=\"_blank\" rel=\"noopener\">http:\/\/sergiumotreanu.wordpress.com\/2008\/02\/14\/ziua-indragostitilor-1-an\/<\/a>.<\/p>\n<p>\u00cen acest context \u00eens\u0103, nebun \u00eenseamn\u0103 episcop, iar dac\u0103 un episcop valoreaz\u0103 at\u00e2t, v\u0103 da\u021bi seama ce poate face un pap\u0103. Tot \u00een acest context, \u00eemp\u0103rat \u00eenseamn\u0103 rege.\u00a0 Iar paralela era ceva de genul c\u0103 dac\u0103 nebunul valoreaz\u0103 mai mult dec\u00e2t regele, atunci papa e mult mai tare dec\u00e2t \u00eemp\u0103ratul. Mda, incursiuni istorice cu impica\u021bii complexe, dificil \u0219i incomod de explicat \u00eentr-un articol care are leg\u0103tur\u0103 cu prim\u0103vara; nu cu echinoc\u021bii, simetrii, sinoduri, erezii sau 6h*4=24h. Mai ales c\u0103 m\u0103 refac din punct de vedere artistic, narativ, morfologic, semantic, sintactic, yada, yada, yada.<\/p>\n<p>\u00cen fine, ideea e c\u0103 dup\u0103 ziua de 28\/29 februarie urmeaz\u0103 1 martie. Iar 1 Martie e prima zi a Prim\u0103verii.Punct. (adic\u0103 3 puncte)<\/p>\n<p>Da. E Prim\u0103vara mea. \u0218i a mea. \u0218i a mea. \u0218i a ta &#8230; Toyota ta. \u00a0\u0218i tot a\u0219a. Today, Tomorow, Toyota. Da.<\/p>\n<p>\u0218i Prim\u0103vara \u00eencepe cu tine and the spring is always starting with you et \u00a0le printemps arrive avec toi. Cli\u0219ee, cli\u0219ee, cli\u0219ee.<\/p>\n<p>Cum mie \u00eemi place s\u0103 \u00eenot \u00eempotriva curentului, pentru mine a venit Antiprim\u0103vara.<\/p>\n<p>http:\/\/www.youtube.com\/watch?v=gmBVQukZ3vQ&#038;feature=related<\/p>\n<p>Ce dac\u0103 vine prim\u0103vara<br \/>\nAt\u00e2ta iarn\u0103 e \u00een noi<br \/>\nC\u0103 martie se poate duce<br \/>\nCu to\u021bi cocorii \u00eenapoi<br \/>\n\u00cen noi e loc numai de iarn\u0103<br \/>\nVom \u00eenghe\u021ba sub ultim ger<br \/>\nOrbec\u0103ind pe copci de ghea\u021b\u0103<br \/>\nCa un stingher spre alt stingher<\/p>\n<p>Prim\u0103var\u0103 care-ai fost<br \/>\nNu veni, n-ai nici un rost<br \/>\nPo\u021bi s\u0103 pleci, suntem reci<br \/>\nIarn\u0103 ni-i pe veci<\/p>\n<p>Prim\u0103var\u0103 care-ai fost<br \/>\nNu veni, n-ai nici un rost<br \/>\nPo\u021bi s\u0103 pleci, suntem reci<br \/>\nIarn\u0103 ni-i pe veci<\/p>\n<p>\u0218i vin din patriile calde<br \/>\nCocorii toamnei ce trecu<br \/>\n\u0218i cuibul li-i stricat la stre\u0219ini<br \/>\n\u0218i l\u00e2ng\u0103 mine nu e\u0219ti tu<\/p>\n<p>Schimb\u0103ri mai grave dec\u00e2t moartea<br \/>\nAu fost \u0219i sunt \u0219i vor mai fi<br \/>\nLa mine-n suflet este vifor<br \/>\n\u0218i vin nebuni s\u0103 fac\u0103 schi<\/p>\n<p>Prim\u0103var\u0103 care-ai fost<br \/>\nNu veni, n-ai nici un rost<br \/>\nPo\u021bi s\u0103 pleci, suntem reci<br \/>\nIarn\u0103 ni-i pe veci<\/p>\n<p>Prim\u0103var\u0103 care-ai fost<br \/>\nNu veni, n-ai nici un rost<br \/>\nPo\u021bi s\u0103 pleci, suntem reci<br \/>\nIarn\u0103 ni-i pe veci<\/p>\n<p>\u0218i ninge p\u00e2n\u0103 la pr\u0103sele<br \/>\nNinsoarea-mi intr\u0103-n trupul tot<br \/>\nE-un dans de oameni de z\u0103pad\u0103<br \/>\nCe-mbr\u0103\u021bi\u0219area n-o mai pot<br \/>\nLa noi e iarn\u0103 pe vecie<br \/>\nDoi fo\u0219ti neferici\u021bi aman\u021bi<br \/>\nIa-\u021bi \u00eenflorirea, prim\u0103var\u0103<br \/>\n\u0218i to\u021bi cocorii emigran\u021bi<\/p>\n<p>Prim\u0103var\u0103 care-ai fost<br \/>\nNu veni, n-ai nici un rost<br \/>\nPo\u021bi s\u0103 pleci, suntem reci<br \/>\nIarn\u0103 ni-i pe veci<\/p>\n<p>Prim\u0103var\u0103 care-ai fost<br \/>\nNu veni, n-ai nici un rost<br \/>\nPo\u021bi s\u0103 pleci, suntem reci<br \/>\nIarn\u0103 ni-i pe veci<\/p>\n<p>Prim\u0103var\u0103 care-ai fost<br \/>\nNu veni, n-ai nici un rost<br \/>\nPo\u021bi s\u0103 pleci, suntem reci<br \/>\nIarn\u0103 ni-i pe veci<\/p>\n<p>Dac\u0103 dori\u021bi o variant\u0103 ceva mai liric\u0103, asculta\u021bi-l \u0219i pe maestrul <a title=\"Tudor Gheorghe\" href=\"http:\/\/tudor-gheorghe.blogspot.com\/\" target=\"_blank\" rel=\"noopener\">Tudor Gheorghe<\/a>.<\/p>\n<div class=\"jetpack-video-wrapper\"><iframe loading=\"lazy\" title=\"Tudor Gheorghe- Antiprimavara\" width=\"640\" height=\"480\" src=\"https:\/\/www.youtube.com\/embed\/j2WPXFLFSh4?feature=oembed\" frameborder=\"0\" allow=\"accelerometer; autoplay; clipboard-write; encrypted-media; gyroscope; picture-in-picture; web-share\" referrerpolicy=\"strict-origin-when-cross-origin\" allowfullscreen><\/iframe><\/div>\n","protected":false},"excerpt":{"rendered":"<p>A venit Prim\u0103vara. \u00a0Surpriz\u0103 ? E Prim\u0103vara mea ? Ei, a\u0219 (\u00een sensul de &#8211; nici g\u00e2nd, vorba vine, da&#8217; de unde). Nici o surpriz\u0103. Cel pu\u021bin din punctul de vedere al calendarului adoptat pe vremea \u00eemp\u0103ratului Gaius Julius Caesar (iulian), c\u00e2t \u0219i al celui adoptat pe vremea papei Grigorie al XIII-lea (gregorian) . \u201dPe [&hellip;]<\/p>\n","protected":false},"author":2,"featured_media":0,"comment_status":"open","ping_status":"open","sticky":false,"template":"","format":"standard","meta":{"_jetpack_memberships_contains_paid_content":false,"footnotes":""},"categories":[4],"tags":[],"class_list":["post-100","post","type-post","status-publish","format-standard","hentry","category-diverse"],"jetpack_featured_media_url":"","jetpack_sharing_enabled":true,"_links":{"self":[{"href":"https:\/\/www.sergiumotreanu.ro\/index.php?rest_route=\/wp\/v2\/posts\/100","targetHints":{"allow":["GET"]}}],"collection":[{"href":"https:\/\/www.sergiumotreanu.ro\/index.php?rest_route=\/wp\/v2\/posts"}],"about":[{"href":"https:\/\/www.sergiumotreanu.ro\/index.php?rest_route=\/wp\/v2\/types\/post"}],"author":[{"embeddable":true,"href":"https:\/\/www.sergiumotreanu.ro\/index.php?rest_route=\/wp\/v2\/users\/2"}],"replies":[{"embeddable":true,"href":"https:\/\/www.sergiumotreanu.ro\/index.php?rest_route=%2Fwp%2Fv2%2Fcomments&post=100"}],"version-history":[{"count":0,"href":"https:\/\/www.sergiumotreanu.ro\/index.php?rest_route=\/wp\/v2\/posts\/100\/revisions"}],"wp:attachment":[{"href":"https:\/\/www.sergiumotreanu.ro\/index.php?rest_route=%2Fwp%2Fv2%2Fmedia&parent=100"}],"wp:term":[{"taxonomy":"category","embeddable":true,"href":"https:\/\/www.sergiumotreanu.ro\/index.php?rest_route=%2Fwp%2Fv2%2Fcategories&post=100"},{"taxonomy":"post_tag","embeddable":true,"href":"https:\/\/www.sergiumotreanu.ro\/index.php?rest_route=%2Fwp%2Fv2%2Ftags&post=100"}],"curies":[{"name":"wp","href":"https:\/\/api.w.org\/{rel}","templated":true}]}}