{"id":1151,"date":"2014-10-24T23:53:42","date_gmt":"2014-10-24T20:53:42","guid":{"rendered":"http:\/\/sergiumotreanu.ro\/?p=1151"},"modified":"2014-10-24T23:53:42","modified_gmt":"2014-10-24T20:53:42","slug":"simona-halep-is-in-good-company","status":"publish","type":"post","link":"https:\/\/www.sergiumotreanu.ro\/?p=1151","title":{"rendered":"Simona Halep is in good company"},"content":{"rendered":"<p>Am 2 poze interesante pentru voi \u00een seara asta &#8230;<\/p>\n<p>\u00cen prima, Federer \u00eei arat\u0103 lui Dimitrov cum se taie tortul.<\/p>\n<p><a href=\"http:\/\/sergiumotreanu.ro\/wp-content\/uploads\/2014\/10\/FedHalepDimi.jpg\"><img loading=\"lazy\" decoding=\"async\" class=\"alignnone size-full wp-image-1153\" src=\"http:\/\/sergiumotreanu.ro\/wp-content\/uploads\/2014\/10\/FedHalepDimi.jpg\" alt=\"FedHalepDimi\" width=\"594\" height=\"395\" srcset=\"https:\/\/www.sergiumotreanu.ro\/wp-content\/uploads\/2014\/10\/FedHalepDimi.jpg 594w, https:\/\/www.sergiumotreanu.ro\/wp-content\/uploads\/2014\/10\/FedHalepDimi-300x199.jpg 300w\" sizes=\"auto, (max-width: 594px) 100vw, 594px\" \/><\/a><\/p>\n<p>\u00cen a 2-a, Federer \u00eei arat\u0103 lui Dimitrov cum se taie mingea. \ud83d\ude09<\/p>\n<p><a href=\"http:\/\/sergiumotreanu.ro\/wp-content\/uploads\/2014\/10\/FedDimi.jpg\"><img loading=\"lazy\" decoding=\"async\" class=\"alignnone size-full wp-image-1152\" src=\"http:\/\/sergiumotreanu.ro\/wp-content\/uploads\/2014\/10\/FedDimi.jpg\" alt=\"FedDimi\" width=\"480\" height=\"310\" srcset=\"https:\/\/www.sergiumotreanu.ro\/wp-content\/uploads\/2014\/10\/FedDimi.jpg 480w, https:\/\/www.sergiumotreanu.ro\/wp-content\/uploads\/2014\/10\/FedDimi-300x194.jpg 300w\" sizes=\"auto, (max-width: 480px) 100vw, 480px\" \/><\/a><\/p>\n<p>P.S. Tocmai s-a terminat sfertul de final\u0103 al Turneului de la Basel, \u00een care Roger Federer l-a \u00eenvins pe Grigor Dimitrov.<\/p>\n<p>Amatorii de cli\u0219ee ieftine s-ar exprima cam a\u0219a: <strong>Federer beats baby Federer.<\/strong> \ud83d\ude00<\/p>\n","protected":false},"excerpt":{"rendered":"<p>Am 2 poze interesante pentru voi \u00een seara asta &#8230; \u00cen prima, Federer \u00eei arat\u0103 lui Dimitrov cum se taie tortul. \u00cen a 2-a, Federer \u00eei arat\u0103 lui Dimitrov cum se taie mingea. \ud83d\ude09 P.S. Tocmai s-a terminat sfertul de final\u0103 al Turneului de la Basel, \u00een care Roger Federer l-a \u00eenvins pe Grigor Dimitrov. [&hellip;]<\/p>\n","protected":false},"author":2,"featured_media":0,"comment_status":"open","ping_status":"open","sticky":false,"template":"","format":"standard","meta":{"_jetpack_memberships_contains_paid_content":false,"footnotes":""},"categories":[15],"tags":[322,354,1169,1692,2246,2407,2588,2646],"class_list":["post-1151","post","type-post","status-publish","format-standard","hentry","category-sport","tag-baby-federer","tag-basel","tag-grigor-dimitrov","tag-minge","tag-roger-federer","tag-simona-halep","tag-tenis","tag-tort"],"jetpack_featured_media_url":"","jetpack_sharing_enabled":true,"_links":{"self":[{"href":"https:\/\/www.sergiumotreanu.ro\/index.php?rest_route=\/wp\/v2\/posts\/1151","targetHints":{"allow":["GET"]}}],"collection":[{"href":"https:\/\/www.sergiumotreanu.ro\/index.php?rest_route=\/wp\/v2\/posts"}],"about":[{"href":"https:\/\/www.sergiumotreanu.ro\/index.php?rest_route=\/wp\/v2\/types\/post"}],"author":[{"embeddable":true,"href":"https:\/\/www.sergiumotreanu.ro\/index.php?rest_route=\/wp\/v2\/users\/2"}],"replies":[{"embeddable":true,"href":"https:\/\/www.sergiumotreanu.ro\/index.php?rest_route=%2Fwp%2Fv2%2Fcomments&post=1151"}],"version-history":[{"count":0,"href":"https:\/\/www.sergiumotreanu.ro\/index.php?rest_route=\/wp\/v2\/posts\/1151\/revisions"}],"wp:attachment":[{"href":"https:\/\/www.sergiumotreanu.ro\/index.php?rest_route=%2Fwp%2Fv2%2Fmedia&parent=1151"}],"wp:term":[{"taxonomy":"category","embeddable":true,"href":"https:\/\/www.sergiumotreanu.ro\/index.php?rest_route=%2Fwp%2Fv2%2Fcategories&post=1151"},{"taxonomy":"post_tag","embeddable":true,"href":"https:\/\/www.sergiumotreanu.ro\/index.php?rest_route=%2Fwp%2Fv2%2Ftags&post=1151"}],"curies":[{"name":"wp","href":"https:\/\/api.w.org\/{rel}","templated":true}]}}