{"id":1261,"date":"2014-11-21T19:29:36","date_gmt":"2014-11-21T17:29:36","guid":{"rendered":"http:\/\/sergiumotreanu.ro\/?p=1261"},"modified":"2014-11-21T19:29:36","modified_gmt":"2014-11-21T17:29:36","slug":"noul-primar-al-sibiului","status":"publish","type":"post","link":"https:\/\/www.sergiumotreanu.ro\/?p=1261","title":{"rendered":"Noul primar al Sibiului"},"content":{"rendered":"<p>Mai este o lun\u0103 p\u00e2n\u0103 c\u00e2nd noul pre\u0219edinte ales, domnul <a href=\"http:\/\/ro.wikipedia.org\/wiki\/Klaus_Iohannis\"><strong>Klaus Iohannis<\/strong><\/a>, va fi \u00eenvestit \u00een noua sa func\u021bie.<\/p>\n<p>\u00cen acel moment, sibienii vor r\u0103m\u00e2ne de jure \u0219i de facto f\u0103r\u0103 <strong>Ofi\u021berul Coroanei Belgiene<\/strong>, <strong>Medaliatul Marelui Ducat al Luxemburgului<\/strong> \u0219i <strong>Cavalerul Ordinului Na\u021bional Steaua Rom\u00e2niei<\/strong> sau mai simplu &#8211; f\u0103r\u0103 primar.<\/p>\n<p>Vizionar cum sunt, le lansez urm\u0103toarea invita\u021bie bravilor sa\u0219i \u0219i celorlal\u021bi locuitori ai urbei:<\/p>\n<p>Dac\u0103 vre\u021bi ca <strong>Sibiul<\/strong> s\u0103 arate ca <strong>Bra\u0219ovul<\/strong>, VOTA\u021aI SERGIU MOTREANU, <a href=\"http:\/\/sergiumotreanu.ro\/2013\/03\/13\/midrask-conversations-4\/\">BLACKSMITH OF MIDRASK<\/a> &#8211; PRIMAR. \ud83d\ude09<\/p>\n<p><a href=\"http:\/\/sergiumotreanu.ro\/wp-content\/uploads\/2014\/11\/SSSibiu.png\"><img loading=\"lazy\" decoding=\"async\" class=\"alignnone size-full wp-image-1264\" src=\"http:\/\/sergiumotreanu.ro\/wp-content\/uploads\/2014\/11\/SSSibiu.png\" alt=\"SSSibiu\" width=\"624\" height=\"509\" srcset=\"https:\/\/www.sergiumotreanu.ro\/wp-content\/uploads\/2014\/11\/SSSibiu.png 624w, https:\/\/www.sergiumotreanu.ro\/wp-content\/uploads\/2014\/11\/SSSibiu-300x245.png 300w\" sizes=\"auto, (max-width: 624px) 100vw, 624px\" \/><\/a><\/p>\n<p>\u0218tiu, sunt dur, dar drept. :)))<\/p>\n<p>&nbsp;<\/p>\n","protected":false},"excerpt":{"rendered":"<p>Mai este o lun\u0103 p\u00e2n\u0103 c\u00e2nd noul pre\u0219edinte ales, domnul Klaus Iohannis, va fi \u00eenvestit \u00een noua sa func\u021bie. \u00cen acel moment, sibienii vor r\u0103m\u00e2ne de jure \u0219i de facto f\u0103r\u0103 Ofi\u021berul Coroanei Belgiene, Medaliatul Marelui Ducat al Luxemburgului \u0219i Cavalerul Ordinului Na\u021bional Steaua Rom\u00e2niei sau mai simplu &#8211; f\u0103r\u0103 primar. Vizionar cum sunt, le [&hellip;]<\/p>\n","protected":false},"author":2,"featured_media":0,"comment_status":"open","ping_status":"open","sticky":false,"template":"","format":"standard","meta":{"_jetpack_memberships_contains_paid_content":false,"footnotes":""},"categories":[5,18],"tags":[404,445,538,865,866,888,1446,1560,1664,1887,2085,2254,2314,2371,2395],"class_list":["post-1261","post","type-post","status-publish","format-standard","hentry","category-evadari-evadatii-si-divagatii","category-funny-right","tag-blacksmith","tag-brasov","tag-cavaler","tag-drept","tag-dreptate","tag-dur","tag-klaus-iohannis","tag-luxemburg","tag-midrask","tag-ofiter","tag-presedinte","tag-romania","tag-sas","tag-sergiu-motreanu","tag-sibiu"],"jetpack_featured_media_url":"","jetpack_sharing_enabled":true,"_links":{"self":[{"href":"https:\/\/www.sergiumotreanu.ro\/index.php?rest_route=\/wp\/v2\/posts\/1261","targetHints":{"allow":["GET"]}}],"collection":[{"href":"https:\/\/www.sergiumotreanu.ro\/index.php?rest_route=\/wp\/v2\/posts"}],"about":[{"href":"https:\/\/www.sergiumotreanu.ro\/index.php?rest_route=\/wp\/v2\/types\/post"}],"author":[{"embeddable":true,"href":"https:\/\/www.sergiumotreanu.ro\/index.php?rest_route=\/wp\/v2\/users\/2"}],"replies":[{"embeddable":true,"href":"https:\/\/www.sergiumotreanu.ro\/index.php?rest_route=%2Fwp%2Fv2%2Fcomments&post=1261"}],"version-history":[{"count":0,"href":"https:\/\/www.sergiumotreanu.ro\/index.php?rest_route=\/wp\/v2\/posts\/1261\/revisions"}],"wp:attachment":[{"href":"https:\/\/www.sergiumotreanu.ro\/index.php?rest_route=%2Fwp%2Fv2%2Fmedia&parent=1261"}],"wp:term":[{"taxonomy":"category","embeddable":true,"href":"https:\/\/www.sergiumotreanu.ro\/index.php?rest_route=%2Fwp%2Fv2%2Fcategories&post=1261"},{"taxonomy":"post_tag","embeddable":true,"href":"https:\/\/www.sergiumotreanu.ro\/index.php?rest_route=%2Fwp%2Fv2%2Ftags&post=1261"}],"curies":[{"name":"wp","href":"https:\/\/api.w.org\/{rel}","templated":true}]}}