{"id":1593,"date":"2015-05-20T18:59:11","date_gmt":"2015-05-20T15:59:11","guid":{"rendered":"http:\/\/sergiumotreanu.ro\/?p=1593"},"modified":"2015-05-20T18:59:11","modified_gmt":"2015-05-20T15:59:11","slug":"duminica-orbului","status":"publish","type":"post","link":"https:\/\/www.sergiumotreanu.ro\/?p=1593","title":{"rendered":"Duminica Orbului"},"content":{"rendered":"<p>VERSIUNEA BELETRISTIC\u0102 &#8211; IMAGINAR\u0102 \u0218I DEMIDULCE<\/p>\n<p>Acum\u00a0un sfert de veac era duminic\u0103 &#8230;<\/p>\n<p><strong>Nelu\u021bu<\/strong>, cum doar femeia\u00a0visurilor sale\u00a0avea curaj\u00a0s\u0103 \u00eel alinte f\u0103r\u0103 s\u0103 \u00ee\u0219i ia o palm\u0103 peste bot,\u00a0\u00ee\u0219i aducea aminte cu\u00a0un z\u00e2mbet t\u00e2mp de bunicu\u021b\u0103\u00a0c\u0103 \u00een acea\u00a0zi fal(n)ic\u0103 de\u00a0mai-florar mirosul liliacului prea degrab\u0103 scuturat \u0219i al teiului\u00a0prea t\u00e2rziu \u00eenflorit \u00eei\u00a0irita la culme celulele epitelial-mucoase. Poate c\u0103 tocmai din acest motiv, dup\u0103 ce\u00a0\u00ee\u0219i\u00a0str\u00e2nse prea tare\u00a0nodul dublu de la cravat\u0103, merse la baie s\u0103 \u00ee\u0219i sufle nasul \u00een chiuveta \u00een care a\u0219teptau\u00a0la sp\u0103lat\u00a0vreo 3 perechi de ciorapi.<\/p>\n<p><strong>R\u0103ducu<\/strong> tocmai venise de la <strong>C\u00e2mp<\/strong> (a\u0219a \u00eei spunea el Champs Elysees-ului) \u0219i privea pe ascuns o\u00a0fotografie cu\u00a0o t\u00e2n\u0103r\u0103 chipe\u0219\u0103, dar care \u00een mod cu totul \u0219i cu totul bizar, avea\u00a0un \u00eenceput de chelie parietal\u0103. Ajuns acas\u0103 \u0219i mustrat de con\u0219tiin\u021b\u0103\u00a0pentru c\u0103 nu\u00a0respectase Ziua Domnului, \u00ee\u0219i lu\u0103 \u00een grab\u0103 bretelele\u00a0vasluiene (\u00een form\u0103 de X) \u00een locul celor pariziene (\u00een form\u0103 de | |).\u00a0Cunoscu\u021bii afirm\u0103 c\u0103 nu-i pl\u0103cea deloc s\u0103 <strong>social<\/strong>-izeze,\u00a0el\u00a0pretinde doar c\u0103 \u00eei\u00a0pl\u0103cea s\u0103 fie <strong>liber-al<\/strong>-\u021bi cet\u0103\u021beni\u00a0nu spuneau\u00a0nimic.<\/p>\n<p><strong>John<\/strong>,\u00a0<strong>Ra\u021biunea<\/strong> \u00eentruchipat\u0103, a constituit un etern izvor de inspira\u021bie pentru puberul s\u0103u discipol, <strong>Tony Popt\u0103ma\u0219, <\/strong>care se \u00eenc\u0103p\u0103\u021b\u00e2na s\u0103 \u00eei fac\u0103 nodul la papion, de\u0219i nu \u00eei ajungea dec\u00e2t p\u00e2n\u0103 la \u0219li\u021b. Maestrul, \u00eens\u0103,\u00a0va r\u0103m\u00e2ne \u00een folclorul democratic\u00a0rom\u00e2nesc\u00a0cu pompoasa platitudine automartirizant\u0103, niciodat\u0103 confirmat\u0103 de fapte: <strong>\u201dVoi lupta p\u00e2n\u0103 la ultima mea pic\u0103tur\u0103 de s\u00e2nge ca s\u0103 ai dreptul s\u0103 nu fii de acord cu mine\u201d. <\/strong>B\u0103rba\u021bii adev\u0103ra\u021bi \u0219i femeile false \u00eel \u021bin minte, \u00eens\u0103, pentru alt\u0103 perl\u0103\u00a0de duh: <strong>\u201dSunt rud\u0103 cu Andrei Ra\u0163iu precum e rud\u0103 Petre Roman cu autocamioanele Roman\u201d.<\/strong><\/p>\n<p>Cine e Andrei Ra\u021biu ? Un prieten de-al meu, nu-l \u0219tii dumneata.<\/p>\n<p><a href=\"http:\/\/sergiumotreanu.ro\/wp-content\/uploads\/2015\/05\/IliescuRatiuCampeanu.jpg\"><img loading=\"lazy\" decoding=\"async\" class=\"  wp-image-1594 aligncenter\" src=\"http:\/\/sergiumotreanu.ro\/wp-content\/uploads\/2015\/05\/IliescuRatiuCampeanu-300x130.jpg\" alt=\"IliescuRatiuCampeanu\" width=\"422\" height=\"183\" \/><\/a><\/p>\n<p>VERSIUNEA POLITIC\u0102 &#8211; REAL\u0102 \u0218I DEMISEAC\u0102<\/p>\n<p>20 mai 1990 &#8211; primele alegeri libere, dup\u0103 Lovitura de Stat din decembrie 1989<\/p>\n<p><span style=\"text-decoration: underline;\"><em><strong>Candida\u021bi:<\/strong><\/em><\/span><\/p>\n<p>Ion Iliescu &#8211;\u00a0Frontul Salv\u0103rii Na\u021bionale<\/p>\n<p>Radu C\u00e2mpeanu &#8211; Partidul Na\u021bional Liberal<\/p>\n<p>Ion Ra\u021biu &#8211; Partidul Na\u021bional \u021a\u0103r\u0103nesc<\/p>\n<p><span style=\"text-decoration: underline;\"><em><strong>Participare la vot:<\/strong><\/em><\/span><\/p>\n<p>17.200.722 cet\u0103\u021beni cu drept de vot \u00eenscri\u0219i pe listele electorale<\/p>\n<p>14.826.616 voturi (?liber?) exprimate, adic\u0103 86,19% din cei \u00eenscri\u0219i (!!!)<\/p>\n<p>447.923 voturi anulate.<\/p>\n<p><span style=\"text-decoration: underline;\"><em><strong>Rezultate:<\/strong><\/em><\/span><\/p>\n<p>Ion Iliescu &#8211; 85,07%, adic\u0103 12.232.498 voturi (imens, ireal \u0219i irepetabil, sper)<\/p>\n<p>Radu C\u00e2mpeanu &#8211; 10,64%, adic\u0103 1.529.188 voturi<\/p>\n<p>Ion Ra\u021biu &#8211; 4,29%, adic\u0103 617.007 voturi.<\/p>\n<p><em><span style=\"text-decoration: underline;\"><strong>C\u00e2teva observa\u021bii:<\/strong><\/span><\/em><\/p>\n<p>Dup\u0103 re\u00eenfiin\u021barea partidelor istorice (PNL \u0219i PN\u021a)\u00a0&#8211; ianuarie &#8211; \u0219i p\u00e2n\u0103 la data alegerilor\u00a0&#8211; mai &#8211; au fost nenum\u0103rate proteste\u00a0\u0219i mi\u0219c\u0103ri de strad\u0103\u00a0care au contestat noua conducere provizorie a \u021b\u0103rii.<\/p>\n<p>Ion Iliescu, liderul neocomunist autoproclamat al Frontului Salv\u0103rii Na\u021bionale a contracarat aceste mi\u0219c\u0103ri de mai multe ori, prin manifesta\u021bii \u0219i mobiliz\u0103ri\u00a0de mare amploare ale muncitorilor din\u00a0fabricile \u0219i uzinele mamut ale R.S.R.\u00a0(de unde \u0219i vorba: <strong>Dai \u00een mine ? Dai \u00een fabrici \u0219i uzine<\/strong>), dar mai ales prin renumitele \u0219i odioasele mineriade (primele 2 fiind \u00een 29 ianuarie \u0219i 28 februarie). \ud83d\ude41<\/p>\n<p>Pentru ca rezultatul s\u0103 fie garantat \u0219i av\u00e2nd acces la resursele financiare, Iliescu \u0219i activi\u0219tii vechiului aparat de partid au aruncat la propriu cu bani \u00een popula\u021bie, return\u00e2ndu-le \u00een luna martie a\u0219a-zisele p\u0103r\u021bi sociale, un impozit suplimentar inventat de Ceau\u0219escu \u00een anii &#8217;80\u00a0pentru plata mai rapid\u0103 a datoriei externe.<\/p>\n<p>Culmea prostiei \u0219i\u00a0naivit\u0103\u021bii, de o parte, a ipocriziei \u0219i m\u00e2r\u0219\u0103viei de cealalt\u0103, s-a atins prin sloganul: \u201dNu ne vindem \u021bara.\u201d<\/p>\n<p>O\u00a0parte din mine \u0219i-ar fi dorit s\u0103 \u00eencheie apoteotic acest articol, d\u00e2nd vina pe al\u021bii, generaliz\u00e2nd \u0219i venind cu o maxim\u0103 stelar\u0103. \u00cen loc de asta,\u00a0am ales s\u0103\u00a0citez\u00a03 cet\u0103\u021beni oarecare ai acestei \u021b\u0103ri, care au fost la vot acum 25 de ani. Concluziile le trage\u021bi singuri, \u00een cazul \u00een care exist\u0103 vreunele.<\/p>\n<p><strong>1.\u00a0\u201d25 de ani de c\u00e2nd 85% din rom\u00e2ni au dovedit c\u0103 sunt ceva \u00eentre retarda\u021bi \u0219i idio\u021bi. Au dat jos un comunist \u0219i Secu \u0219i au ales un comunist \u0219i Secu. C\u00e2t de imbecil trebuie s\u0103 fii pentru asta ?\u201d<\/strong><\/p>\n<p><strong>2. \u201dNu \u021bi-e ru\u0219ine \u021bie, imbecilule, s\u0103 m\u0103 faci pe mine retardat, sau idiot, pentru c\u0103 am votat atunci cum mi-a dictat con\u0219tiin\u021ba ? Ce ai fi vrut s\u0103 fac, s\u0103 votez pe cine ai fi vrut tu ? Cum \u00ee\u021bi permi\u021bi s\u0103 califici retardat\u0103 \u0219i idioat\u0103 85% din popula\u021bia \u021b\u0103rii, care a votat a\u0219a cum a crezut de cuviin\u021b\u0103 ?\u201d<\/strong><\/p>\n<p><strong>3. \u201dA \u00eensemnat un lucru nemaipomenit c\u0103 am votat. Am votat liberi. De Duminica Orbului. Rezultatul se vede. Suntem liberi s\u0103 alegem \u00een continuare. Ca s\u0103 fim mai ferici\u021bi, dar tot orbi !\u201d<\/strong><\/p>\n","protected":false},"excerpt":{"rendered":"<p>VERSIUNEA BELETRISTIC\u0102 &#8211; IMAGINAR\u0102 \u0218I DEMIDULCE Acum\u00a0un sfert de veac era duminic\u0103 &#8230; Nelu\u021bu, cum doar femeia\u00a0visurilor sale\u00a0avea curaj\u00a0s\u0103 \u00eel alinte f\u0103r\u0103 s\u0103 \u00ee\u0219i ia o palm\u0103 peste bot,\u00a0\u00ee\u0219i aducea aminte cu\u00a0un z\u00e2mbet t\u00e2mp de bunicu\u021b\u0103\u00a0c\u0103 \u00een acea\u00a0zi fal(n)ic\u0103 de\u00a0mai-florar mirosul liliacului prea degrab\u0103 scuturat \u0219i al teiului\u00a0prea t\u00e2rziu \u00eenflorit \u00eei\u00a0irita la culme celulele epitelial-mucoase. [&hellip;]<\/p>\n","protected":false},"author":2,"featured_media":0,"comment_status":"open","ping_status":"open","sticky":false,"template":"","format":"standard","meta":{"_jetpack_memberships_contains_paid_content":false,"footnotes":""},"categories":[14],"tags":[53,72,884,1083,1348,1349,1690,2036,2037,2095,2162],"class_list":["post-1593","post","type-post","status-publish","format-standard","hentry","category-politice","tag-20-mai-1990","tag-25-de-ani","tag-duminica-orbului","tag-fsn","tag-ion-iliescu","tag-ion-ratiu","tag-mineriade","tag-pnl","tag-pnt","tag-primele-alegeri-libere","tag-radu-campeanu"],"jetpack_featured_media_url":"","jetpack_sharing_enabled":true,"_links":{"self":[{"href":"https:\/\/www.sergiumotreanu.ro\/index.php?rest_route=\/wp\/v2\/posts\/1593","targetHints":{"allow":["GET"]}}],"collection":[{"href":"https:\/\/www.sergiumotreanu.ro\/index.php?rest_route=\/wp\/v2\/posts"}],"about":[{"href":"https:\/\/www.sergiumotreanu.ro\/index.php?rest_route=\/wp\/v2\/types\/post"}],"author":[{"embeddable":true,"href":"https:\/\/www.sergiumotreanu.ro\/index.php?rest_route=\/wp\/v2\/users\/2"}],"replies":[{"embeddable":true,"href":"https:\/\/www.sergiumotreanu.ro\/index.php?rest_route=%2Fwp%2Fv2%2Fcomments&post=1593"}],"version-history":[{"count":0,"href":"https:\/\/www.sergiumotreanu.ro\/index.php?rest_route=\/wp\/v2\/posts\/1593\/revisions"}],"wp:attachment":[{"href":"https:\/\/www.sergiumotreanu.ro\/index.php?rest_route=%2Fwp%2Fv2%2Fmedia&parent=1593"}],"wp:term":[{"taxonomy":"category","embeddable":true,"href":"https:\/\/www.sergiumotreanu.ro\/index.php?rest_route=%2Fwp%2Fv2%2Fcategories&post=1593"},{"taxonomy":"post_tag","embeddable":true,"href":"https:\/\/www.sergiumotreanu.ro\/index.php?rest_route=%2Fwp%2Fv2%2Ftags&post=1593"}],"curies":[{"name":"wp","href":"https:\/\/api.w.org\/{rel}","templated":true}]}}