{"id":1602,"date":"2015-05-25T18:59:01","date_gmt":"2015-05-25T15:59:01","guid":{"rendered":"http:\/\/sergiumotreanu.ro\/?p=1602"},"modified":"2015-05-25T18:59:01","modified_gmt":"2015-05-25T15:59:01","slug":"mm-e-mai-tare-decat-m10","status":"publish","type":"post","link":"https:\/\/www.sergiumotreanu.ro\/?p=1602","title":{"rendered":"M&#038;M e mai tare dec\u00e2t M10"},"content":{"rendered":"<p>O mai \u0219ti\u021bi pe Monica Macovei ? Evident c\u0103 o mai \u0219ti\u021bi, doar sunte\u021bi ni\u0219te intelectuali rasa\u021bi &#8230; \u0219i to\u021bi intelectualii rasa\u021bi au votat cu ea la alegerile de anul trecut. Din fericire, doar \u00een primul tur. Din \u0219i mai mult\u0103 fericire, eu nu sunt intelectual, cu at\u00e2t mai mult rasat.<\/p>\n<p>Dup\u0103 ce \u0219i-a terminat cariera de procuror \u0219i a prins gustul avocaturii, <strong>Monica<\/strong>\u00a0a fost Ministru al Justi\u021biei \u00een cabinetul condus de <strong>C\u0103lin Constantin Anton Popescu\u00a0T\u0103riceanu <\/strong>\u00eentre\u00a029 December 2004\u00a0\u2013 5 April 2007. Din aceast\u0103 postur\u0103 i-au fost arogate credite justi\u021biar-reformatoare decente, reforme ce au contribuit \u0219i ele, pe l\u00e2ng\u0103 alte domenii, merite \u0219i interese, la\u00a0aderarea \u021b\u0103ri\u0219oarei noastre dragi la Uniunea European\u0103 \u00een 1 ianuarie 2007, ziua \u00een care om\u0103tul a devenit mai af\u00e2nat \u0219i m\u00e2ncarea mai conservat\u0103.<\/p>\n<p>Din 2009 o arde la fel de justi\u021biar-reformator prin <strong>Parlamentul European<\/strong>, iar acum presteaz\u0103 la al 2-lea mandat. Nu \u00eemi este deloc simpatic\u0103, dar nici nu am destule indicii \u00eenc\u00e2t s\u0103 o ponegresc <strong>eftimian<\/strong>. Intuiesc c\u0103 peste 50 de ani, <strong>eftimian<\/strong> va fi un cuv\u00e2nt ce va defini satira fin\u0103, chirurgical\u0103, cu elemente mai mult fantastice dec\u00e2t \u0219tiin\u021bifice \u0219i cu aluzii mai mult colerice dec\u00e2t sangvinice. Personajul care \u00ee\u0219i va fi transformat numele \u00een renume va fi nimeni altul dec\u00e2t <a href=\"http:\/\/eftimie.net\/\">Eftimie<\/a>, un tip pe care \u00eel citesc din ce \u00een ce mai mult \u00een ultima vreme, f\u0103r\u0103 s\u0103 fiu neap\u0103rat de acord cu ceea ce spune. \ud83d\ude42<\/p>\n<p>Revenind la europarlamentara noastr\u0103, ast\u0103zi, pe site-ul ei apare urm\u0103torul comunicat de pres\u0103:\u00a0<a href=\"http:\/\/www.monica-macovei.ro\/blog\/2015\/05\/25\/monica-macovei-nominalizata-in-bulgaria-pentru-premiul-funda%C8%9Biei-giovanni-falcone-destinat-personalita%C8%9Bilor-care-lupta-impotriva-corup%C8%9Biei-comunicat-de-presa\/\">http:\/\/www.monica-macovei.ro\/blog\/2015\/05\/25\/monica-macovei-nominalizata-in-bulgaria-pentru-premiul-funda%C8%9Biei-giovanni-falcone-destinat-personalita%C8%9Bilor-care-lupta-impotriva-corup%C8%9Biei-comunicat-de-presa\/<\/a>.<\/p>\n<p>\u201d<strong>They asked me if I would agree to become a Justice Minister in Bulgaria, and I said &#8221;Yes&#8221;, but nobody came looking for me.<\/strong>\u201d este, conform site-ului <a href=\"http:\/\/www.novinite.com\/articles\/168769\/Today%27s+Quote%3A+Monica+Macovei\">Novinite.com<\/a>, declara\u021bia zilei din Bulgaria.<\/p>\n<p>Cu context sau f\u0103r\u0103, ceea ce a spus <strong>M&amp;M<\/strong> mi se pare mult mai tare dec\u00e2t faza cu <strong>Traian B\u0103sescu<\/strong>, care afirma cu un tupeu ce friza ridicolul \u0219i nebunia c\u0103 <strong>el a venit \u00een fiecare lun\u0103 \u00een Pia\u021ba Universit\u0103\u021bii s\u0103 se \u00eent\u00e2lneasc\u0103 cu cet\u0103\u021benii aleg\u0103tori, dar nu a g\u0103sit pe nimeni acolo.<\/strong>\u00a0:)))<\/p>\n<p><a href=\"http:\/\/sergiumotreanu.ro\/wp-content\/uploads\/2015\/05\/MM.jpg\"><img loading=\"lazy\" decoding=\"async\" class=\"aligncenter size-full wp-image-1603\" src=\"http:\/\/sergiumotreanu.ro\/wp-content\/uploads\/2015\/05\/MM.jpg\" alt=\"MM\" width=\"987\" height=\"657\" srcset=\"https:\/\/www.sergiumotreanu.ro\/wp-content\/uploads\/2015\/05\/MM.jpg 987w, https:\/\/www.sergiumotreanu.ro\/wp-content\/uploads\/2015\/05\/MM-300x200.jpg 300w, https:\/\/www.sergiumotreanu.ro\/wp-content\/uploads\/2015\/05\/MM-768x511.jpg 768w\" sizes=\"auto, (max-width: 987px) 100vw, 987px\" \/><\/a><\/p>\n<p><span class=\"irc_ho\" dir=\"ltr\">Imaginea de mai sus am luat-o de pe\u00a0<a class=\"irc_hl irc_hol\" href=\"http:\/\/www.motherblogger.info\/mms-mister-red-got-color-from-liceblood\/\" data-noload=\"\" data-ved=\"0CAYQjB0\">www.motherblogger.info<\/a>,\u00a0<\/span>\u00a0dar acordul netacit al bomboanelor se las\u0103 a\u0219teptat.<\/p>\n","protected":false},"excerpt":{"rendered":"<p>O mai \u0219ti\u021bi pe Monica Macovei ? Evident c\u0103 o mai \u0219ti\u021bi, doar sunte\u021bi ni\u0219te intelectuali rasa\u021bi &#8230; \u0219i to\u021bi intelectualii rasa\u021bi au votat cu ea la alegerile de anul trecut. Din fericire, doar \u00een primul tur. Din \u0219i mai mult\u0103 fericire, eu nu sunt intelectual, cu at\u00e2t mai mult rasat. Dup\u0103 ce \u0219i-a terminat [&hellip;]<\/p>\n","protected":false},"author":2,"featured_media":0,"comment_status":"open","ping_status":"open","sticky":false,"template":"","format":"standard","meta":{"_jetpack_memberships_contains_paid_content":false,"footnotes":""},"categories":[2,14,18],"tags":[172,430,466,902,1431,1739,1955,2657,2700],"class_list":["post-1602","post","type-post","status-publish","format-standard","hentry","category-analize","category-politice","category-funny-right","tag-alegeri","tag-bomboane","tag-bulgaria","tag-eftimie","tag-justitie","tag-monica-macovei","tag-parlamentul-european","tag-traian-basescu","tag-u-e"],"jetpack_featured_media_url":"","jetpack_sharing_enabled":true,"_links":{"self":[{"href":"https:\/\/www.sergiumotreanu.ro\/index.php?rest_route=\/wp\/v2\/posts\/1602","targetHints":{"allow":["GET"]}}],"collection":[{"href":"https:\/\/www.sergiumotreanu.ro\/index.php?rest_route=\/wp\/v2\/posts"}],"about":[{"href":"https:\/\/www.sergiumotreanu.ro\/index.php?rest_route=\/wp\/v2\/types\/post"}],"author":[{"embeddable":true,"href":"https:\/\/www.sergiumotreanu.ro\/index.php?rest_route=\/wp\/v2\/users\/2"}],"replies":[{"embeddable":true,"href":"https:\/\/www.sergiumotreanu.ro\/index.php?rest_route=%2Fwp%2Fv2%2Fcomments&post=1602"}],"version-history":[{"count":0,"href":"https:\/\/www.sergiumotreanu.ro\/index.php?rest_route=\/wp\/v2\/posts\/1602\/revisions"}],"wp:attachment":[{"href":"https:\/\/www.sergiumotreanu.ro\/index.php?rest_route=%2Fwp%2Fv2%2Fmedia&parent=1602"}],"wp:term":[{"taxonomy":"category","embeddable":true,"href":"https:\/\/www.sergiumotreanu.ro\/index.php?rest_route=%2Fwp%2Fv2%2Fcategories&post=1602"},{"taxonomy":"post_tag","embeddable":true,"href":"https:\/\/www.sergiumotreanu.ro\/index.php?rest_route=%2Fwp%2Fv2%2Ftags&post=1602"}],"curies":[{"name":"wp","href":"https:\/\/api.w.org\/{rel}","templated":true}]}}