{"id":1946,"date":"2016-01-24T04:20:46","date_gmt":"2016-01-24T02:20:46","guid":{"rendered":"https:\/\/sergiumotreanu.ro\/?p=1946"},"modified":"2016-01-24T04:20:46","modified_gmt":"2016-01-24T02:20:46","slug":"24-ianuarie-2016-unirea-republicii-moldova-cu-romania-preambul","status":"publish","type":"post","link":"https:\/\/www.sergiumotreanu.ro\/?p=1946","title":{"rendered":"24 Ianuarie 2016 &#8211; Unirea Republicii Moldova cu Rom\u00e2nia &#8211; Preambul"},"content":{"rendered":"<p>Pentru senilii sereni ce au uitat de criza din 2008 care nu ne-a afectat absolut deloc, c\u0103rora nu le pas\u0103 ce se \u00eent\u00e2mpl\u0103 \u00een Republica Moldova \u0219i a c\u0103ror filosofie suprem\u0103 este generalizarea simplist\u0103, istoria rom\u00e2nilor este la fel de simplist\u0103 \u0219i sun\u0103 cam a\u0219a: noi am fost pe aceste p\u0103m\u00e2nturi dintotdeauna, noi am fost mereu pa\u0219nici, noi ne-am avut mereu ca fra\u021bii, noi nu am atacat niciodat\u0103 pe nimeni \u0219i noi nu am ocupat niciodat\u0103 teritorii str\u0103ine.<\/p>\n<p>Evident, dovezi de tihn\u0103 \u0219i cump\u0103tare pa\u0219nic-macabr\u0103 avem de pe vremea lui Vlad \u021aepe\u0219, dar nici Ion Vod\u0103 cel Viteaz nu era mai prejos. Zapi\u0219ti de giude\u021be sfinte apar \u0219i pe vremea celui mai iubit \u0219i votat dintre rom\u00e2ni, \u0218tefan Mu\u0219at.<\/p>\n<p>De la Alexandru cel Bun p\u00e2n\u0103 la Dimitrie Cantemir \u0219i de la Radu cel Frumos\u00a0p\u00e2n\u0103 la Constantin Br\u00e2ncoveanu, moldovenii \u0219i muntenii s-au sf\u00e2rtecat \u00eentre ei \u00een nu mai pu\u021bin de 58 de b\u0103t\u0103lii, dar s-au avut mereu ca fra\u021bii. Cu fra\u021bii transilv\u0103neni se tachinau ceva mai rar, c\u0103 \u0103\u0219tia preferau me\u0219te\u0219ugurile \u0219i comer\u021bul \u00een locul mor\u021bii \u00een chinuri.<\/p>\n<p>Ocazional, acela\u0219i \u0218tefan, de data asta cel Mare \u0219i Tare, dar \u0219i al 85-lea fiu al s\u0103u, Petru Rare\u0219, se mai r\u0103t\u0103ceau prin Pocu\u021bia, dup\u0103 ce le-o tr\u0103geau polonezilor \u0219i polonezelor. Din motive care \u00eemi scap\u0103 acum, Rom\u00e2nia nu a cerut Antantei aceast\u0103 regiune la finalul Primul R\u0103zboi Mondial&#8230; \u0219i bine a f\u0103cut.<\/p>\n<p>Pe vremea lui Carol I, dup\u0103 Al 2-lea R\u0103zboi Balcanic, c\u00e2nd vecinii no\u0219tri sud-dun\u0103reni au cutezat s\u0103 c\u00e2r\u00e2ie la urma\u0219ii dacilor, ne-am r\u0103t\u0103cit \u0219i prin Bulgaria. Dup\u0103 excursia asta ne-am ales cu Cadrilaterul, f\u0103r\u0103 s\u0103 pierdem nici m\u0103car un om \u00een lupt\u0103.<\/p>\n<p>Doar 6 ani mai t\u00e2rziu intram \u00een capitala vecinilor no\u0219tri de la vest, ungurienii, f\u0103r\u0103 inten\u021bii r\u0103zboinice. De fapt, eram at\u00e2t\u00a0de pa\u0219nici, c\u0103 dac\u0103 nu ne temperau pu\u021bin franglezii, ajungeam la Viena, s\u0103 ne r\u0103zbun\u0103m \u0219i pe Habsburgi.<\/p>\n<p>Pe ru\u0219i ne-am r\u0103zbunat \u00eentre 22 iunie 1941, c\u00e2nd Antonescu a rostit celebrul \u00eendemn: \u201dOsta\u0219i, v\u0103 ordon trece\u021bi Prutul!\u201d \u0219i 22 august 1944, c\u00e2nd ne chinuiam s\u0103 trecem tot Prutul, doar c\u0103 acum b\u0103team \u00een retragere. \u00cen 23 august ne-am vopsit \u00een ro\u0219u \u0219i am \u00eentors armele la fel de pa\u0219nic.<\/p>\n<p>Evident, toate aceste teritorii, de la Tisa la Bug, \u0219i din Pocu\u021bia p\u00e2n\u0103 \u00een Balcani apar\u021bineau str\u0103mo\u0219ilor no\u0219tri daci \u0219i intrau \u00een componen\u021ba regatului lui Burebista, deci nu am f\u0103cut dec\u00e2t s\u0103 ne ap\u0103r\u0103m r\u00e2ul \u0219i ramul.<\/p>\n<p>&#8230;<\/p>\n<p>Ideea ceva mai complex\u0103, pe care o voi dezvolta \u0219i argumenta \u00een articole viitoare este c\u0103, printre astre \u0219i dezastre, printre imperii mari \u0219i oameni mici, am reu\u0219it cumva, cumva, s\u0103 c\u0103dem mereu \u00een picioare. Poate c\u0103 am fost percepu\u021bi de cele mai multe ori ca fiind nesiguri, ipocri\u021bi, milogi, la\u0219i, meschini, lipsi\u021bi de cuv\u00e2nt, de demnitate, de principii, dar la scara istoriei nu asta conteaz\u0103. Bizantinii au fost plini de morg\u0103, onoare \u0219i idealuri \u00een\u0103l\u021b\u0103toare, dar acum nu mai sunt deloc.<\/p>\n<p><strong>\u00cencet, \u00eencet \u0219i pas cu pas am reu\u0219it s\u0103 ne unim, dac\u0103 nu \u00een acelea\u0219i idealuri, m\u0103car \u00een acelea\u0219i grani\u021be. Suntem aici, moldoveni, munteni \u0219i ardeleni&#8230; \u0219i mergem mai departe. Ideal ar fi s\u0103 o facem \u00eempreun\u0103.<\/strong><\/p>\n<p><a href=\"https:\/\/sergiumotreanu.ro\/wp-content\/uploads\/2016\/01\/DSCN0007.jpg\" rel=\"attachment wp-att-1947\"><img loading=\"lazy\" decoding=\"async\" class=\"aligncenter size-full wp-image-1947\" src=\"https:\/\/sergiumotreanu.ro\/wp-content\/uploads\/2016\/01\/DSCN0007.jpg\" alt=\"DSCN0007\" width=\"4000\" height=\"3000\" \/><\/a><\/p>\n<p>&nbsp;<\/p>\n","protected":false},"excerpt":{"rendered":"<p>Pentru senilii sereni ce au uitat de criza din 2008 care nu ne-a afectat absolut deloc, c\u0103rora nu le pas\u0103 ce se \u00eent\u00e2mpl\u0103 \u00een Republica Moldova \u0219i a c\u0103ror filosofie suprem\u0103 este generalizarea simplist\u0103, istoria rom\u00e2nilor este la fel de simplist\u0103 \u0219i sun\u0103 cam a\u0219a: noi am fost pe aceste p\u0103m\u00e2nturi dintotdeauna, noi am fost [&hellip;]<\/p>\n","protected":false},"author":2,"featured_media":0,"comment_status":"open","ping_status":"open","sticky":false,"template":"","format":"standard","meta":{"_jetpack_memberships_contains_paid_content":false,"footnotes":""},"categories":[2,9],"tags":[71,264,745,1266,1372,1658,1732,1734,1766,2073,2218,2254,2279,2496,2685,2747],"class_list":["post-1946","post","type-post","status-publish","format-standard","hentry","category-analize","category-understanding-the-past","tag-24-ianuarie-1859","tag-ardeleni","tag-daci","tag-imperii","tag-istorie","tag-mica-unire","tag-moldova","tag-moldoveni","tag-munteni","tag-preambul","tag-republica-moldova","tag-romania","tag-rusia","tag-stefan-cel-mare","tag-turcii","tag-vecini"],"jetpack_featured_media_url":"","jetpack_sharing_enabled":true,"_links":{"self":[{"href":"https:\/\/www.sergiumotreanu.ro\/index.php?rest_route=\/wp\/v2\/posts\/1946","targetHints":{"allow":["GET"]}}],"collection":[{"href":"https:\/\/www.sergiumotreanu.ro\/index.php?rest_route=\/wp\/v2\/posts"}],"about":[{"href":"https:\/\/www.sergiumotreanu.ro\/index.php?rest_route=\/wp\/v2\/types\/post"}],"author":[{"embeddable":true,"href":"https:\/\/www.sergiumotreanu.ro\/index.php?rest_route=\/wp\/v2\/users\/2"}],"replies":[{"embeddable":true,"href":"https:\/\/www.sergiumotreanu.ro\/index.php?rest_route=%2Fwp%2Fv2%2Fcomments&post=1946"}],"version-history":[{"count":0,"href":"https:\/\/www.sergiumotreanu.ro\/index.php?rest_route=\/wp\/v2\/posts\/1946\/revisions"}],"wp:attachment":[{"href":"https:\/\/www.sergiumotreanu.ro\/index.php?rest_route=%2Fwp%2Fv2%2Fmedia&parent=1946"}],"wp:term":[{"taxonomy":"category","embeddable":true,"href":"https:\/\/www.sergiumotreanu.ro\/index.php?rest_route=%2Fwp%2Fv2%2Fcategories&post=1946"},{"taxonomy":"post_tag","embeddable":true,"href":"https:\/\/www.sergiumotreanu.ro\/index.php?rest_route=%2Fwp%2Fv2%2Ftags&post=1946"}],"curies":[{"name":"wp","href":"https:\/\/api.w.org\/{rel}","templated":true}]}}