{"id":2014,"date":"2016-02-08T18:49:56","date_gmt":"2016-02-08T16:49:56","guid":{"rendered":"https:\/\/sergiumotreanu.ro\/?p=2014"},"modified":"2016-02-08T18:49:56","modified_gmt":"2016-02-08T16:49:56","slug":"profilul-retardatului-impotent-si-violent","status":"publish","type":"post","link":"https:\/\/www.sergiumotreanu.ro\/?p=2014","title":{"rendered":"Profilul retardatului impotent \u0219i violent"},"content":{"rendered":"<p>S-a vorbit \u0219i s-a scris deja nemeritat de mult despre acest subiect. Se va mai scrie \u0219i se va mai vorbi \u0219i \u00een zilele urm\u0103toare.<\/p>\n<p>Babuinul castrat cu privirea bol\u00e2nd\u0103 din st\u00e2nga imaginii de mai jos este agresorul. Victima nu este o femeie ginga\u0219\u0103, nu este un halterofil\u00a0solid, nu este un copil \u00een scutece, nu este un homosexual, nu este un ciob\u0103nesc mioritic, nu este un politician; sau ar putea foarte bine s\u0103 fie toate variantele din enumerare. \u00cenainte de toate, \u00eens\u0103, victima este o victim\u0103.<\/p>\n<p>E foarte important s\u0103 \u00een\u021belegem\u00a0acest lucru \u00eenainte s\u0103 n\u0103scocim observa\u021bii detectivice\u0219ti pseudo-inteligente, pentru c\u0103 aici e vorba despre reac\u021bia \u0219i comportamentul agresorului, nu despre cine era de partea cealalt\u0103 a pumnului. Oricum ar fi, reac\u021bia \u0219i comportamentul sunt nejustificate de (aproape) nici un gest advers.<\/p>\n<p>S-au trezit unii care s\u0103 \u00eei repro\u0219eze salvamontistei c\u0103 se distra \u00een mijlocul nop\u021bii, la un bar. Argument: se \u0219tie c\u0103 la ora aia masculii sunt be\u021bi \u0219i violen\u021bi, deci posibilitatea de a fi b\u0103tut\u0103, violat\u0103 sau chiar omor\u00e2t\u0103 cre\u0219te exponen\u021bial.<\/p>\n<p>Al\u021bii au certat-o c\u0103 dup\u0103 ce a luat o palm\u0103, a insistat. Argument: Femeile sunt isterice \u0219i p\u00e2n\u0103 nu primesc una peste bot nu se lini\u0219tesc, deci cumva gagica \u0219i-a c\u0103utat-o cu lum\u00e2narea.<\/p>\n<p>Cei mai cretini au plusat, spun\u00e2nd c\u0103 tipa se apropie \u00eentr-un mod destul de violent de trepanatul de la mas\u0103, iar tipul ac\u021bioneaz\u0103 \u00een legitim\u0103 ap\u0103rare. \u0218ocant, nu?<\/p>\n<p>Eu zic altceva: \u0219i dac\u0103 tipa l-ar fi \u00eenjurat \u0219i i-ar fi turnat un pahar de bere \u00een cap, tipul nu era \u00eendrept\u0103\u021bit s\u0103 o loveasc\u0103.<\/p>\n<p>De ce nu au reac\u021bionat ceilal\u021bi? Nu \u0219tiu, \u00eentreba\u021bi-i pe ei. Fric\u0103, strategie, inteligen\u021b\u0103, instinct?<\/p>\n<p>De ce nu a reac\u021bionat jandarmul? A reac\u021bionat ca samuraii, prin neac\u021biune, \u0219i ca mafio\u021bii, prin t\u0103cere.<\/p>\n<p>Ce a\u021bi fi f\u0103cut voi \u00een locul celorlal\u021bi neparticipan\u021bi la trafic? &#8230;<\/p>\n<p>Exact, asta m\u0103 g\u00e2ndeam \u0219i eu.<\/p>\n<figure id=\"attachment_2015\" aria-describedby=\"caption-attachment-2015\" style=\"width: 584px\" class=\"wp-caption aligncenter\"><a href=\"https:\/\/sergiumotreanu.ro\/wp-content\/uploads\/2016\/02\/TheCrushers.png\" rel=\"attachment wp-att-2015\"><img loading=\"lazy\" decoding=\"async\" class=\"wp-image-2015 size-full\" src=\"https:\/\/sergiumotreanu.ro\/wp-content\/uploads\/2016\/02\/TheCrushers.png\" alt=\"TheCrushers\" width=\"584\" height=\"509\" srcset=\"https:\/\/www.sergiumotreanu.ro\/wp-content\/uploads\/2016\/02\/TheCrushers.png 584w, https:\/\/www.sergiumotreanu.ro\/wp-content\/uploads\/2016\/02\/TheCrushers-300x261.png 300w\" sizes=\"auto, (max-width: 584px) 100vw, 584px\" \/><\/a><figcaption id=\"caption-attachment-2015\" class=\"wp-caption-text\">Nu vi se pare c\u0103 exist\u0103 o asem\u0103nare izbitoare \u00eentre cele 2 personaje? Din p\u0103cate, unul dintre cei 2 este c\u00e2t se poate de real \u0219i tr\u0103ie\u0219te la noi \u00een \u021bar\u0103.<\/figcaption><\/figure>\n<p>Pentru cei care se \u00eentreab\u0103 cam ce poate scoate din pu\u021bul g\u00e2ndirii un animal biped\u00a0\u0219i cum \u00ee\u0219i exprim\u0103 el tr\u0103irile umane, lua\u021bi de deslu\u0219i\u021bi.<\/p>\n<p><a href=\"https:\/\/sergiumotreanu.ro\/wp-content\/uploads\/2016\/02\/FBCtPalesica.png\" rel=\"attachment wp-att-2016\"><img loading=\"lazy\" decoding=\"async\" class=\"aligncenter size-full wp-image-2016\" src=\"https:\/\/sergiumotreanu.ro\/wp-content\/uploads\/2016\/02\/FBCtPalesica.png\" alt=\"FBCtPalesica\" width=\"498\" height=\"225\" srcset=\"https:\/\/www.sergiumotreanu.ro\/wp-content\/uploads\/2016\/02\/FBCtPalesica.png 498w, https:\/\/www.sergiumotreanu.ro\/wp-content\/uploads\/2016\/02\/FBCtPalesica-300x136.png 300w\" sizes=\"auto, (max-width: 498px) 100vw, 498px\" \/><\/a><\/p>\n<p>Mai jos ave\u021bi \u0219i adresa\u00a0profilului unui gibon at\u00e2t de retardat \u00eenc\u00e2t \u00eei curge scuipat din gur\u0103,\u00a0dar nu v\u0103 sf\u0103tuiesc s\u0103 da\u021bi click. M-am sacrificat eu pentru voi \u0219i consider c\u0103 efortul depus a fost mult prea\u00a0de mare.<\/p>\n<p><a href=\"https:\/\/www.facebook.com\/sorinconstantin.palesica?fref=ts\">https:\/\/www.facebook.com\/sorinconstantin.palesica?fref=ts<\/a><\/p>\n","protected":false},"excerpt":{"rendered":"<p>S-a vorbit \u0219i s-a scris deja nemeritat de mult despre acest subiect. Se va mai scrie \u0219i se va mai vorbi \u0219i \u00een zilele urm\u0103toare. Babuinul castrat cu privirea bol\u00e2nd\u0103 din st\u00e2nga imaginii de mai jos este agresorul. Victima nu este o femeie ginga\u0219\u0103, nu este un halterofil\u00a0solid, nu este un copil \u00een scutece, nu [&hellip;]<\/p>\n","protected":false},"author":2,"featured_media":0,"comment_status":"open","ping_status":"open","sticky":false,"template":"","format":"standard","meta":{"_jetpack_memberships_contains_paid_content":false,"footnotes":""},"categories":[2],"tags":[341,358,437,1393,1706,2123,2451,2509,2599,2777],"class_list":["post-2014","post","type-post","status-publish","format-standard","hentry","category-analize","tag-bar","tag-bataie","tag-box","tag-jandarm","tag-miruna-inel","tag-prostie","tag-sorin-constantin-palesica","tag-straja","tag-the-crusher","tag-violenta"],"jetpack_featured_media_url":"","jetpack_sharing_enabled":true,"_links":{"self":[{"href":"https:\/\/www.sergiumotreanu.ro\/index.php?rest_route=\/wp\/v2\/posts\/2014","targetHints":{"allow":["GET"]}}],"collection":[{"href":"https:\/\/www.sergiumotreanu.ro\/index.php?rest_route=\/wp\/v2\/posts"}],"about":[{"href":"https:\/\/www.sergiumotreanu.ro\/index.php?rest_route=\/wp\/v2\/types\/post"}],"author":[{"embeddable":true,"href":"https:\/\/www.sergiumotreanu.ro\/index.php?rest_route=\/wp\/v2\/users\/2"}],"replies":[{"embeddable":true,"href":"https:\/\/www.sergiumotreanu.ro\/index.php?rest_route=%2Fwp%2Fv2%2Fcomments&post=2014"}],"version-history":[{"count":0,"href":"https:\/\/www.sergiumotreanu.ro\/index.php?rest_route=\/wp\/v2\/posts\/2014\/revisions"}],"wp:attachment":[{"href":"https:\/\/www.sergiumotreanu.ro\/index.php?rest_route=%2Fwp%2Fv2%2Fmedia&parent=2014"}],"wp:term":[{"taxonomy":"category","embeddable":true,"href":"https:\/\/www.sergiumotreanu.ro\/index.php?rest_route=%2Fwp%2Fv2%2Fcategories&post=2014"},{"taxonomy":"post_tag","embeddable":true,"href":"https:\/\/www.sergiumotreanu.ro\/index.php?rest_route=%2Fwp%2Fv2%2Ftags&post=2014"}],"curies":[{"name":"wp","href":"https:\/\/api.w.org\/{rel}","templated":true}]}}