{"id":2481,"date":"2016-09-14T20:08:51","date_gmt":"2016-09-14T17:08:51","guid":{"rendered":"https:\/\/sergiumotreanu.ro\/?p=2481"},"modified":"2016-09-14T20:08:51","modified_gmt":"2016-09-14T17:08:51","slug":"infrastructura-rutiera-a-romaniei-incape-pe-2-pagini-a4","status":"publish","type":"post","link":"https:\/\/www.sergiumotreanu.ro\/?p=2481","title":{"rendered":"Infrastructura rutier\u0103 a Rom\u00e2niei \u00eencape pe 2 pagini A4"},"content":{"rendered":"<p>Av\u00e2nd \u00een vedere pauza de aproape 2 luni \u00een care nu am scris deloc pe blog, voi \u00eencepe cu o \u00eenc\u0103lzire\u00a0u\u0219oar\u0103; mai exact cu 2 tabele f\u0103cute \u00een Microsoft Word 2007 pe marginea c\u0103rora\u00a0cunosc\u0103torii (dar mai ales necunosc\u0103torii) vor\u00a0scrie, vor\u00a0analiza, vor\u00a0planifica \u0219i se vor revolta.<\/p>\n<p>Primul tabel con\u021bine lista cu autostr\u0103zi. E frumos, minimal colorat, cu valori estimate, lungimi \u0219i perioade de implementare. Nimic r\u0103u p\u00e2n\u0103 aici.<\/p>\n<p>Dar&#8230; dac\u0103 \u00eensum\u0103m lungimile ajungem la concluzia\u00a0(ireal\u0103)\u00a0c\u0103 \u00een 10 ani (2016-2026) vom finaliza (\u0219i vom da \u00een folosin\u021b\u0103)\u00a0mai mult de 1200 de kilometri de autostrad\u0103. C\u00e2\u021bi kilometri am finalizat \u00een intervalul 2006-2016? Dar \u00een intervalul 1996-2006? Exact.<\/p>\n<p>Dac\u0103 o s\u0103 merg \u00een via\u021ba asta cu ma\u0219ina pe autostrad\u0103 de\u00a0la Tg. Mure\u0219 la Tg. Neam\u021b, o s\u0103\u00a0fac tot posibilul\u00a0s\u0103\u00a0ajung apatrid doar pentru a putea deveni\u00a0cet\u0103\u021bean rom\u00e2n \u00eenc\u0103 o dat\u0103.<\/p>\n<figure id=\"attachment_2482\" aria-describedby=\"caption-attachment-2482\" style=\"width: 957px\" class=\"wp-caption aligncenter\"><a href=\"https:\/\/sergiumotreanu.ro\/wp-content\/uploads\/2016\/09\/ListaProiecteAutostrazi.png\"><img loading=\"lazy\" decoding=\"async\" class=\"size-full wp-image-2482\" src=\"https:\/\/sergiumotreanu.ro\/wp-content\/uploads\/2016\/09\/ListaProiecteAutostrazi.png\" alt=\"https:\/\/onedrive.live.com\/view.aspx?cid=849d1c715b5a454d&amp;id=documents&amp;resid=849D1C715B5A454D%2148382&amp;app=WordPdf&amp;authkey=AC0YX-tlczSFdS0&amp;\" width=\"957\" height=\"546\" srcset=\"https:\/\/www.sergiumotreanu.ro\/wp-content\/uploads\/2016\/09\/ListaProiecteAutostrazi.png 957w, https:\/\/www.sergiumotreanu.ro\/wp-content\/uploads\/2016\/09\/ListaProiecteAutostrazi-300x171.png 300w, https:\/\/www.sergiumotreanu.ro\/wp-content\/uploads\/2016\/09\/ListaProiecteAutostrazi-768x438.png 768w\" sizes=\"auto, (max-width: 957px) 100vw, 957px\" \/><\/a><figcaption id=\"caption-attachment-2482\" class=\"wp-caption-text\">https:\/\/onedrive.live.com\/view.aspx?cid=849d1c715b5a454d&amp;id=documents&amp;resid=849D1C715B5A454D%2148382&amp;app=WordPdf&amp;authkey=AC0YX-tlczSFdS0&amp;<\/figcaption><\/figure>\n<p><span style=\"text-decoration: underline;\">Observa\u021bie:<\/span> Sunt \u0219anse mari ca la 100 de ani de la Marea Unire s\u0103 t\u0103iem 2 panglici la Suplacu de Barc\u0103u, o localitate care \u00eencet-\u00eencet dep\u0103\u0219e\u0219te Comarnicul \u00een faim\u0103.<\/p>\n<hr \/>\n<p>Despre drumurile expres ne-a povestit fostul ministru rom\u00e2n al transporturilor, Rus, spun\u00e2ndu-ne c\u00e2t de utile \u0219i eficiente sunt. CTP ne-a\u00a0confirmat c\u0103 Rus este un om serios \u0219i profesionist, care \u0219tie ce vorbe\u0219te. Dup\u0103 care ne-a spus c\u0103 s-a \u00een\u0219elat \u0219i c\u0103 ardeleanul este la fel ca ceilal\u021bi politicieni d\u00e2mbovi\u021beni, c\u0103rora le place s\u0103 se aud\u0103 vorbind. Rus \u0219i ceilal\u021bi politicieni probabil vor spune despre CTP c\u0103 este la fel ca ceilal\u021bi jurnali\u0219ti, c\u0103rora le place s\u0103 se aud\u0103 scriind.<\/p>\n<figure id=\"attachment_2483\" aria-describedby=\"caption-attachment-2483\" style=\"width: 957px\" class=\"wp-caption aligncenter\"><a href=\"https:\/\/sergiumotreanu.ro\/wp-content\/uploads\/2016\/09\/ListaProiecteDrumuriExpres.png\"><img loading=\"lazy\" decoding=\"async\" class=\"size-full wp-image-2483\" src=\"https:\/\/sergiumotreanu.ro\/wp-content\/uploads\/2016\/09\/ListaProiecteDrumuriExpres.png\" alt=\"https:\/\/onedrive.live.com\/view.aspx?cid=849d1c715b5a454d&amp;id=documents&amp;resid=849D1C715B5A454D%2148382&amp;app=WordPdf&amp;authkey=AC0YX-tlczSFdS0&amp;\" width=\"957\" height=\"710\" srcset=\"https:\/\/www.sergiumotreanu.ro\/wp-content\/uploads\/2016\/09\/ListaProiecteDrumuriExpres.png 957w, https:\/\/www.sergiumotreanu.ro\/wp-content\/uploads\/2016\/09\/ListaProiecteDrumuriExpres-300x223.png 300w, https:\/\/www.sergiumotreanu.ro\/wp-content\/uploads\/2016\/09\/ListaProiecteDrumuriExpres-768x570.png 768w\" sizes=\"auto, (max-width: 957px) 100vw, 957px\" \/><\/a><figcaption id=\"caption-attachment-2483\" class=\"wp-caption-text\">https:\/\/onedrive.live.com\/view.aspx?cid=849d1c715b5a454d&amp;id=documents&amp;resid=849D1C715B5A454D%2148382&amp;app=WordPdf&amp;authkey=AC0YX-tlczSFdS0&amp;<\/figcaption><\/figure>\n<p><span style=\"text-decoration: underline;\">Observa\u021bie:<\/span> \u00cen 15 ani Craiova va deveni de departe (\u0219i de aproape) al 2-lea ora\u0219 al Rom\u00e2niei ca importan\u021b\u0103 economic\u0103. Cum a\u0219a? P\u0103i conform Master Planului General de Transport al Rom\u00e2niei, \u00een 2020 se termin\u0103 autostrada Pite\u0219ti-Craiova, deci vom merge din capitala Rom\u00e2niei \u00een capitala B\u0103niei pe autostrad\u0103. Dac\u0103 ne lu\u0103m dup\u0103 acela\u0219i Master Plan, la numai 6 ani de la\u00a0terminarea autostr\u0103zii\u00a0va \u00eencepe \u0219i un drum expres \u00eentre Bucure\u0219ti \u0219i Craiova.\u00a0A\u0219adar, vom avea drumul actual, o autostrad\u0103 \u0219i un drum expres,\u00a0ceea ce \u00eenseamn\u0103 c\u0103 trebuie\u00a0s\u0103 fim\u00a0ni\u0219te \u0219oferi foarte hot\u0103r\u00e2\u021bi ca s\u0103 ne putem decide\u00a0ce variant\u0103 rutier\u0103 dorim s\u0103 alegem \u00eentre cele 2 ora\u0219e. Tiri\u0219tii sigur nu vor opta pentru prima. Nici pentru ultima.<\/p>\n<p><strong>Voi reveni cu alte observa\u021bii \u0219i concluzii (doar) pe marginea acestor 2 pagini A4; nu de alta, dar autostrada A4 nu (prea) exist\u0103.<\/strong><\/p>\n","protected":false},"excerpt":{"rendered":"<p>Av\u00e2nd \u00een vedere pauza de aproape 2 luni \u00een care nu am scris deloc pe blog, voi \u00eencepe cu o \u00eenc\u0103lzire\u00a0u\u0219oar\u0103; mai exact cu 2 tabele f\u0103cute \u00een Microsoft Word 2007 pe marginea c\u0103rora\u00a0cunosc\u0103torii (dar mai ales necunosc\u0103torii) vor\u00a0scrie, vor\u00a0analiza, vor\u00a0planifica \u0219i se vor revolta. Primul tabel con\u021bine lista cu autostr\u0103zi. E frumos, minimal colorat, [&hellip;]<\/p>\n","protected":false},"author":2,"featured_media":0,"comment_status":"open","ping_status":"open","sticky":false,"template":"","format":"standard","meta":{"_jetpack_memberships_contains_paid_content":false,"footnotes":""},"categories":[2,7,14],"tags":[308,445,446,460,871,1179,1299,1342,1598,2396,2531],"class_list":["post-2481","post","type-post","status-publish","format-standard","hentry","category-analize","category-ganduri","category-politice","tag-autostrazi","tag-brasov","tag-brasov-comarnic","tag-bucuresti-craiova","tag-drum-expres","tag-guvern-tehnocrat","tag-infrastructura","tag-ioan-rus","tag-marea-unire","tag-sibiu-pitesti","tag-suceava"],"jetpack_featured_media_url":"","jetpack_sharing_enabled":true,"_links":{"self":[{"href":"https:\/\/www.sergiumotreanu.ro\/index.php?rest_route=\/wp\/v2\/posts\/2481","targetHints":{"allow":["GET"]}}],"collection":[{"href":"https:\/\/www.sergiumotreanu.ro\/index.php?rest_route=\/wp\/v2\/posts"}],"about":[{"href":"https:\/\/www.sergiumotreanu.ro\/index.php?rest_route=\/wp\/v2\/types\/post"}],"author":[{"embeddable":true,"href":"https:\/\/www.sergiumotreanu.ro\/index.php?rest_route=\/wp\/v2\/users\/2"}],"replies":[{"embeddable":true,"href":"https:\/\/www.sergiumotreanu.ro\/index.php?rest_route=%2Fwp%2Fv2%2Fcomments&post=2481"}],"version-history":[{"count":0,"href":"https:\/\/www.sergiumotreanu.ro\/index.php?rest_route=\/wp\/v2\/posts\/2481\/revisions"}],"wp:attachment":[{"href":"https:\/\/www.sergiumotreanu.ro\/index.php?rest_route=%2Fwp%2Fv2%2Fmedia&parent=2481"}],"wp:term":[{"taxonomy":"category","embeddable":true,"href":"https:\/\/www.sergiumotreanu.ro\/index.php?rest_route=%2Fwp%2Fv2%2Fcategories&post=2481"},{"taxonomy":"post_tag","embeddable":true,"href":"https:\/\/www.sergiumotreanu.ro\/index.php?rest_route=%2Fwp%2Fv2%2Ftags&post=2481"}],"curies":[{"name":"wp","href":"https:\/\/api.w.org\/{rel}","templated":true}]}}