{"id":2498,"date":"2016-09-17T20:13:08","date_gmt":"2016-09-17T17:13:08","guid":{"rendered":"https:\/\/sergiumotreanu.ro\/?p=2498"},"modified":"2016-09-17T20:13:08","modified_gmt":"2016-09-17T17:13:08","slug":"parintii-nu-stiu-ei-doar-cred-ca-stiu","status":"publish","type":"post","link":"https:\/\/www.sergiumotreanu.ro\/?p=2498","title":{"rendered":"P\u0103rin\u021bii nu \u0219tiu, ei doar cred c\u0103 \u0219tiu"},"content":{"rendered":"<p>Hai s\u0103 ne prefacem c\u0103 nu \u0219tim dac\u0103 este vorba despre educa\u021bie \u00een luarea de pozi\u021bie a celor 2 p\u0103rin\u021bi, Drago\u0219 Bucur \u0219i Dana N\u0103lbaru. Hai s\u0103 ne prefacem c\u0103 nu \u0219tim nici care sunt prevederile legale \u00een ceea ce prive\u0219te educa\u021bia obligatorie \u00een \u021b\u0103ri\u0219oara noastr\u0103 drag\u0103. Hai s\u0103 ne prefacem, de dragul prefacerii, c\u0103 cei 2 p\u0103rin\u021bi sunt ni\u0219te anonimi de care nu a auzit nimeni, c\u0103 dac\u0103 ar fi auzit nu mai erau anonimi.<\/p>\n<p>Gata, ne-am pref\u0103cut destul? Atunci a\u0219 dori \u0219i eu s\u0103 \u00eei \u00eentreb pe cei 2 de ce au sim\u021bit nevoia s\u0103 \u00eemp\u0103rt\u0103\u0219easc\u0103 tuturor aceast\u0103 alegere care (dup\u0103 cum afirm\u0103 Dana) \u021bine doar de familia lor.<\/p>\n<p>A\u0219adar, care a fost cauza ce a determinat aceast\u0103 m\u0103rturisire m\u0103iastr\u0103?<\/p>\n<hr \/>\n<p>Mai jos avem un gest de sus\u021binere la adresa deciziei Danei, \u00een urma lu\u0103rii de pozi\u021bie pe aceast\u0103 tem\u0103 a fostului ei coleg de trup\u0103, deputatul PRU, Mihai Sturzu.<\/p>\n<p><a href=\"https:\/\/sergiumotreanu.ro\/wp-content\/uploads\/2016\/09\/ParinteCopil.png\"><img loading=\"lazy\" decoding=\"async\" class=\"size-full wp-image-2499 aligncenter\" src=\"https:\/\/sergiumotreanu.ro\/wp-content\/uploads\/2016\/09\/ParinteCopil.png\" alt=\"parintecopil\" width=\"423\" height=\"52\" srcset=\"https:\/\/www.sergiumotreanu.ro\/wp-content\/uploads\/2016\/09\/ParinteCopil.png 423w, https:\/\/www.sergiumotreanu.ro\/wp-content\/uploads\/2016\/09\/ParinteCopil-300x37.png 300w\" sizes=\"auto, (max-width: 423px) 100vw, 423px\" \/><\/a><\/p>\n<p>Felicit\u0103ri \u0219i din partea mea, Dana; dar ca s\u0103 fim foarte bine \u00een\u021bele\u0219i:\u00a0<strong>Fiecare p\u0103rinte NU \u0218TIE ce este mai bine pentru copilul s\u0103u. Fiecare p\u0103rinte CREDE C\u0102 \u0218TIE ce este mai bine pentru copilul s\u0103u. Este o mic\u0103\/mare diferen\u021b\u0103.<\/strong><\/p>\n","protected":false},"excerpt":{"rendered":"<p>Hai s\u0103 ne prefacem c\u0103 nu \u0219tim dac\u0103 este vorba despre educa\u021bie \u00een luarea de pozi\u021bie a celor 2 p\u0103rin\u021bi, Drago\u0219 Bucur \u0219i Dana N\u0103lbaru. Hai s\u0103 ne prefacem c\u0103 nu \u0219tim nici care sunt prevederile legale \u00een ceea ce prive\u0219te educa\u021bia obligatorie \u00een \u021b\u0103ri\u0219oara noastr\u0103 drag\u0103. Hai s\u0103 ne prefacem, de dragul prefacerii, c\u0103 [&hellip;]<\/p>\n","protected":false},"author":2,"featured_media":0,"comment_status":"open","ping_status":"open","sticky":false,"template":"","format":"standard","meta":{"_jetpack_memberships_contains_paid_content":false,"footnotes":""},"categories":[2,7],"tags":[680,753,861,900,1006,1219,1533,1675,1948],"class_list":["post-2498","post","type-post","status-publish","format-standard","hentry","category-analize","category-ganduri","tag-copii","tag-dana-nalbaru","tag-dragos-bucur","tag-educatie","tag-familie","tag-homeschooling","tag-logica","tag-mihai-sturzu","tag-parinti"],"jetpack_featured_media_url":"","jetpack_sharing_enabled":true,"_links":{"self":[{"href":"https:\/\/www.sergiumotreanu.ro\/index.php?rest_route=\/wp\/v2\/posts\/2498","targetHints":{"allow":["GET"]}}],"collection":[{"href":"https:\/\/www.sergiumotreanu.ro\/index.php?rest_route=\/wp\/v2\/posts"}],"about":[{"href":"https:\/\/www.sergiumotreanu.ro\/index.php?rest_route=\/wp\/v2\/types\/post"}],"author":[{"embeddable":true,"href":"https:\/\/www.sergiumotreanu.ro\/index.php?rest_route=\/wp\/v2\/users\/2"}],"replies":[{"embeddable":true,"href":"https:\/\/www.sergiumotreanu.ro\/index.php?rest_route=%2Fwp%2Fv2%2Fcomments&post=2498"}],"version-history":[{"count":0,"href":"https:\/\/www.sergiumotreanu.ro\/index.php?rest_route=\/wp\/v2\/posts\/2498\/revisions"}],"wp:attachment":[{"href":"https:\/\/www.sergiumotreanu.ro\/index.php?rest_route=%2Fwp%2Fv2%2Fmedia&parent=2498"}],"wp:term":[{"taxonomy":"category","embeddable":true,"href":"https:\/\/www.sergiumotreanu.ro\/index.php?rest_route=%2Fwp%2Fv2%2Fcategories&post=2498"},{"taxonomy":"post_tag","embeddable":true,"href":"https:\/\/www.sergiumotreanu.ro\/index.php?rest_route=%2Fwp%2Fv2%2Ftags&post=2498"}],"curies":[{"name":"wp","href":"https:\/\/api.w.org\/{rel}","templated":true}]}}