{"id":2864,"date":"2019-01-17T20:21:39","date_gmt":"2019-01-17T18:21:39","guid":{"rendered":"https:\/\/sergiumotreanu.ro\/?p=2864"},"modified":"2019-01-17T20:21:39","modified_gmt":"2019-01-17T18:21:39","slug":"recursul-compensatoriu","status":"publish","type":"post","link":"https:\/\/www.sergiumotreanu.ro\/?p=2864","title":{"rendered":"recURSUL comPENSAToriu"},"content":{"rendered":"\n<figure class=\"wp-block-image\"><img loading=\"lazy\" decoding=\"async\" width=\"504\" height=\"513\" src=\"https:\/\/sergiumotreanu.ro\/wp-content\/uploads\/2019\/01\/ManipulareRecursCompensatoriu.png\" alt=\"\" class=\"wp-image-2865\" srcset=\"https:\/\/www.sergiumotreanu.ro\/wp-content\/uploads\/2019\/01\/ManipulareRecursCompensatoriu.png 504w, https:\/\/www.sergiumotreanu.ro\/wp-content\/uploads\/2019\/01\/ManipulareRecursCompensatoriu-295x300.png 295w\" sizes=\"auto, (max-width: 504px) 100vw, 504px\" \/><\/figure>\n\n\n\n<p>Eu am f\u0103cut asta pentru c\u0103 nu am \u00eencredere \u00een cei care simplific\u0103 prea mult lucrurile cu adev\u0103rat complicate; \u0219i pe deasupra mai strecoar\u0103 \u00eentre aser\u021biuni \u0219i 1-2 minciunele, pentru efectul artistic. Desigur, e mare lucru s\u0103 po\u021bi extrage esen\u021bialul dintr-un amalgam de elemente eterogene, dar v\u0103 asigur c\u0103 nu e cazul doamnei Alexandra Halma acum, o tip\u0103 de altminteri respectabil\u0103, echilibrat\u0103 \u0219i inteligent\u0103 &#8211; conform profilului de fb.<br \/>Multe persoane aparent onorabile au dat share la chestia asta care cic\u0103 ar combate fake news-ul (sic!), dar cei care au citit m\u0103car o carte de Sven Hassel \u0219i cunosc termeni ca NKVD, Gestapo sau Stasi \u0219tiu c\u0103 cel mai eficient mod de a combate un fake news este cu alt fake news. Inten\u021bionat sau neinten\u021bionat, nici nu mai conteaz\u0103, pentru c\u0103 voi face analiz\u0103 doar pe text, nu \u0219i pe persoan\u0103.<br \/>Faza semi-simpatic\u0103 este c\u0103 \u0219i eu, distribuind aceast\u0103 postare, dau share la un fake news de toat\u0103 frumuse\u021bea. \ud83d\ude09 \ud83d\ude41 Ce-i drept, explica\u021biile \u0219i textele mele interminabile reprezint\u0103 doar texte din lege \u0219i interpretarea cu bun\u0103 \u0219tiin\u021b\u0103, bun\u0103 credin\u021b\u0103, bun\u0103 memorie, bun\u0103 cronologie \u0219i bun\u0103 logic\u0103 a acestora. \u0218tiu, sunt modest, smerit \u0219i umil.<\/p>\n\n\n\n<p>S\u0103 purcedem, a\u0219adar, la drum:<br \/>1. DA, de la 3 zile sc\u0103zute \u00een viziunea doamnei Raluca Prun\u0103 (numit\u0103, nu votat\u0103) s-a ajuns la 6 zile sc\u0103zute \u00een viziunea majorit\u0103\u021bii parlamentare (votate, nu numite) de cet\u0103\u021benii acestei \u021b\u0103ri (c\u0103 cic\u0103 a\u0219a func\u021bioneaz\u0103 democra\u021bia). ADEV\u0102RAT, conf. art. 55 &#8211; 1 Legea 169\/2017 <br \/>Ca s\u0103 fiu mai Opus Dei dec\u00e2t papa voi spune c\u0103 \u201dpentru fiecare perioad\u0103 de 30 de zile executate \u00een condi\u021bii necorespunz\u0103toare, chiar dac\u0103 acestea nu sunt consecutive, se consider\u0103 executate, suplimentar, 6 zile din pedeapsa aplicat\u0103\u201d. Deci zilele alea nu se scad automat, ci doar dac\u0103 de\u021binutul isp\u0103\u0219e\u0219te pedeapsa \u00een condi\u021bii necorespunz\u0103toare, dar s\u0103 zicem c\u0103 se sub\u00een\u021belege asta.<\/p>\n\n\n\n<p>2. DA, de la 3 metri p\u0103tra\u021bi s-a ajuns la 4 metri p\u0103tra\u021bi. ADEV\u0102RAT, conf. art. 55 &#8211; 3a Legea 169\/2017 <br \/>\u201dCazarea \u00eentr-un spa\u021biu mai mic sau egal cu 4 mp\/de\u021binut, care se calculeaz\u0103, excluz\u00e2nd suprafa\u021ba grupurilor sanitare \u0219i a spa\u021biilor de depozitare a alimentelor, prin \u00eemp\u0103r\u021birea suprafe\u021bei totale a camerelor de de\u021binere la num\u0103rul de persoane cazate \u00een camerele respective, indiferent de dotarea spa\u021biului \u00een cauz\u0103\u201d<br \/>Majoritatea din Parlament a decis cu cruzime ca un de\u021binut s\u0103 nu se mai l\u0103f\u0103ie \u00een 2 metri pe 1,5 metri (adic\u0103 3mp), ci s\u0103 se l\u0103f\u0103ie \u00een 2 metri pe 2 metri (adic\u0103 4 mp), ca atunci c\u00e2nd se d\u0103 jos din pat s\u0103 nu cad\u0103 pe alt de\u021binut. \u0218tiu, nebunie curat\u0103. Ni\u0219te criminali \u0219i unii \u0219i al\u021bii. <br \/>Uneori am un umor nici chiar de mine \u00een\u021beles.<\/p>\n\n\n\n<p>3. DA, condi\u021biile improprii (sau necorespunz\u0103toare &#8211; cum e \u00een lege) se refer\u0103 la toat\u0103 cl\u0103direa \u00eenchisorii, nu doar la celul\u0103. ADEV\u0102RAT, deoarece \u201dlipsa accesului la activit\u0103\u021bi \u00een aer liber\u201d &#8211; art. 55 &#8211; 3b l. 169\/2017, \u201dlipsa accesului la lumin\u0103 natural\u0103 sau aer suficient ori disponibilitate de ventila\u021bie\u201d &#8211; art. 55 &#8211; 3c l. 169\/2017, \u201dlipsa temperaturii adecvate a camerei\u201d &#8211; art. 55 &#8211; 3d l. 169\/2017 sau \u201dlipsa posibilit\u0103\u021bii de a folosi toaleta \u00een privat \u0219i de a se respecta norme sanitare de baz\u0103, precum cerin\u021bele de igien\u0103\u201d &#8211; art. 55 &#8211; 3e l. 169\/2017 sunt tot condi\u021bii necorespunz\u0103toare, pentru numele lui Mihail, Gavril \u0219i Satanail. <br \/>\u0218tiu c\u0103 sun\u0103 ca o surpriz\u0103 pentru mul\u021bi, dar de\u021binutul \u0103la nu poate s\u0103 stea doar \u00een celul\u0103 timp de 10 ani \u0219i s\u0103 \u00eempart\u0103 8 metri p\u0103tra\u021bi cu al\u021bi 4 dubio\u0219i. Trebuie s\u0103 mai \u0219i ias\u0103, de aceea s-au extins condi\u021biile de la camer\u0103 la cl\u0103dire. E grav, nu? Criminali everywhere.<\/p>\n\n\n\n<p>4. NU. FALS. Afirma\u021bia este una de o incon\u0219tien\u021b\u0103 sau\/\u0219i necunoa\u0219tere, ambele extrem de grave. Analiza se face individual, pe fiecare caz \u00een parte, nu de-a valma-halma &#8211; nu m-am putut ab\u021bine. At\u00e2t \u00een cazul proiectului Prun\u0103, c\u00e2t \u0219i \u00een varianta adoptat\u0103 de actuala majoritatea parlamentar\u0103 fiecare caz este analizat nominal. E o chestiune elementar\u0103 de individualizare a pedepsei pe care o g\u0103si\u021bi \u00een Codul Penal la art. 74.<br \/>Pot s\u0103 se dea de 3 ori peste cap parlamentarii \u0219i s\u0103 se transforme \u00een Greuceni, cei care decid eliberarea de\u021binu\u021bilor sunt judec\u0103torii. Cu sau f\u0103r\u0103 recurs compensatoriu, cu sau f\u0103r\u0103 eliberare condi\u021bionat\u0103, de\u021binutul vine \u00een fa\u021ba judec\u0103torului iar acesta hot\u0103r\u0103\u0219te ce \u0219i cum, merit\u0103, nu merit\u0103. Eventual poate urma \u0219i o contesta\u021bie din partea procurorului, dar deja intr\u0103m \u00een procedur\u0103 prea ad\u00e2nc \u0219i \u0219tiu c\u0103 vou\u0103 v\u0103 plac doar lozincile de 2 cuvinte pe 1,5 r\u00e2nduri, ca s\u0103 ias\u0103 3 metri p\u0103tra\u021bi. \u00cenc\u0103 o dat\u0103, FALS.<br \/><br \/><\/p>\n\n\n\n<p>5. IRELEVANT, ca s\u0103 fiu dr\u0103gu\u021b. Am obosit oleac\u0103, dar asta nu e o scuz\u0103. Dac\u0103 tot m\u0103 decid s\u0103 scriu ceva, hai s\u0103 m\u0103 documentez \u0219i s\u0103 m\u0103 exprim corect din punct de vedere in\/con-stitu\u021bional. E valabil pentru toat\u0103 lumea.<br \/>\u00cen primul r\u00e2nd opozi\u021bia nu a respins nicio lege, a respins un proiect de lege. Cum? Nevot\u00e2ndu-l.<br \/>Proiectele de lege au ni\u0219te traiectorii mai ciudate, fie prin Senat, fie prin Camer\u0103, sunt discutate de parlamentarii din comisiile de specialitate, ajung \u00een plen, se voteaz\u0103 mai \u00eent\u00e2i pe articole, dup\u0103 aia se voteaz\u0103 proiectul de lege \u00een integralitatea sa, dup\u0103 care, dac\u0103 se \u00eentrune\u0219te majoritatea, proiectul de lege este adoptat.<br \/>Dup\u0103 adoptarea legii urmeaz\u0103 promulgarea, lucru pe care domnul pre\u0219edinte l-a f\u0103cut f\u0103r\u0103 ezitare, de\u0219i avea dreptul s\u0103 cear\u0103 Parlamentului reexaminarea legii. Bine c\u0103 au f\u0103cut-o cei din opozi\u021bie, doar c\u0103 CCR a declarat legea constitu\u021bional\u0103.<br \/>Concluzia simandicoas\u0103: nu ai cum s\u0103 respingi legi, eventual proiecte de legi, c\u0103 doar proiectele de legi se voteaz\u0103 \u00een Parlament.<br \/>\u0218i prima parte e fals\u0103, c\u0103 nu are leg\u0103tur\u0103 cu guvernul Ciolo\u0219, ci cu Guvernul Grindeanu, a\u0219a c\u0103 m-am r\u0103zg\u00e2ndit. E FALS ce zice doamna Halma.<br \/><\/p>\n\n\n\n<p>6. CIRCUMSTAN\u021aIAL, cum zic americanii. Asta o las de la mine, dar nu pot s\u0103 nu remarc cu c\u00e2t\u0103 u\u0219urin\u021b\u0103 lu\u0103m cifrele aruncate de unii prin nu \u0219tiu ce cotloane \u0219i le rostogolim mai departe ca pe un adev\u0103r de net\u0103g\u0103duit.<br \/>\u00cen istorie s-au v\u0103zut armate de 1700 de oameni care au \u00eenvins armate de 11000 de oameni, dac\u0103 tot ne rupem \u00een scenarii, presupuneri \u0219i argumente lirice. <\/p>\n\n\n\n<p>&#8230;<\/p>\n\n\n\n<p>\u0218i acum c\u00e2teva idei AlanAlda, f\u0103r\u0103 s\u0103 am preten\u021bia c\u0103 sunt extrem de profund, subiectul principal al acestui articol fiind analiza tezelor din imaginea de mai sus:<\/p>\n\n\n\n<p>Dup\u0103 cum ziceam la \u00eenceputul articolului, este un subiect extrem de delicat, pentru c\u0103 o pedeaps\u0103 comport\u0103 mai multe aspecte: neutralizarea autorilor faptei antisociale, protejarea celorlal\u021bi de faptele reprobabile ale infractorilor, educarea autorului infrac\u021biunii \u00een speran\u021ba c\u0103 acesta se va putea reintegra \u00een societate, reintegrarea real\u0103 a acestuia, etc. Evident, datoria mai mare o ai fa\u021b\u0103 de ceilal\u021bi cet\u0103\u021beni, cei care nu \u00eencalc\u0103 normele sociale, dar nu e a\u0219a de simplu nici cu infractorii, c\u0103 mul\u021bi dintre ei, fiind produsul mediului \u00een care tr\u0103iesc, sunt predispu\u0219i s\u0103 fac\u0103 t\u00e2mpenii. Faci ceva s\u0103 schimbi mediul, statule, sau stai?<br \/><br \/>Reintegrare, protec\u021bie, modernizare, educa\u021bie, informare, culturalizare, viziune pe termen lung; la toate aceste capitole statul rom\u00e2n, \u00een frunte cu PSD e\u0219ueaz\u0103 lamentabil, legislativ, executiv, financiar, principial, cum vre\u021bi voi. PSD-ul freac\u0103 duda modific\u00e2nd ni\u0219te virgule prin acte normative c\u00e2nd noi suntem \u00een plop cu infrastructura \u0219i ei nu au dat o lege \u00een 2 ani care s\u0103 reglementeze mai corect \u0219i riguros licita\u021biile, exproprierile, firmele eligibile, atribuirea contractelor, contestarea acestora, subantreprizele, penalit\u0103\u021bile, termenele de judecat\u0103, etc. Bine c\u0103 s-au redus termenele de prescrip\u021bie a r\u0103spunderii penale. Dezbateri serioase pe temele astea anyone sau nu rimeaz\u0103 nici o glum\u0103 de rahat turcesc cu antrepriz\u0103? S\u0103 mai zic ceva \u0219i de ping-pong-ul cu manualele alternative, continue sau unice? Mda, viziune pe termen lung, IOC.<\/p>\n\n\n\n<p>Pe de alt\u0103 parte, cei care \u00eel critic\u0103 (\u0219i sunt o mie de chestii pe marginea c\u0103rora po\u021bi critica PSD-ul \u0219i alia\u021bii lor de la guvernare) se leag\u0103 de cele mai stupide, incorecte \u0219i neargumentate subiecte pe care le prezint\u0103 la fel de stupid, incorect \u0219i neargumentat, iar pentru asta trebuie s\u0103 recurg\u0103 la scamatorii logice, ca s\u0103 nu le zic manipul\u0103ri ieftine, ca s\u0103 transmit\u0103 impresia c\u0103 \u0103\u0219tia guverneaz\u0103 ca ciobo\u021bica-cucului, de\u0219i \u0103\u0219tia guverneaz\u0103 ca laba-g\u00e2\u0219tii. <br \/>Un exemplu de subiect cu care \u00eei ardeai pe guvernan\u021bi la buzunare? <br \/>Hey, domnilor de la putere, intr\u0103m imediat \u00een februarie \u0219i noi nu avem buget pe anul \u00een curs. E okay, nu mai sunt dec\u00e2t 9 luni p\u00e2n\u0103 trebuie s\u0103 \u00eel adopt\u0103m pe cel pentru 2020. Bravo, v\u0103 face\u021bi datoria.<br \/>Hey, domnilor de la putere, sunt binevenite cre\u0219terile salariale, dar \u0219i prin\u021bul Arabiei e putred de bogat \u0219i parc\u0103 nu am vrea s\u0103 adopt\u0103m stilul lui de via\u021b\u0103 ca model, ca s\u0103 ofer \u0219i o glum\u0103 subliicean-ple\u0219uv\u0103.<br \/><\/p>\n\n\n\n<p>Justi\u021bia? Serios? Asta e tema principal\u0103 pe care v-a\u021bi g\u0103sit s\u0103 mar\u0219a\u021bi? Cum Insula Pa\u0219telui m\u0103-sii? Justi\u021bia e m\u00e2n\u0103 \u00een m\u00e2n\u0103 cu politicul de pe vremea lui Cuza. Pe asta v-a\u021bi ales s\u0103 o ap\u0103ra\u021bi? Cu salariile \u0219i privilegiile pe care le au? Cu instrumentul de represiune care a fost, poate fi \u0219i este? Hahaha. V\u0103 urez mult succes \u0219i chema\u021bi-m\u0103 ca jurat c\u00e2nd a\u021bi rezolvat problema independen\u021bei justi\u021biei, dup\u0103 ce \u00een prealabil a\u021bi protejat-o de&#8230; ea \u00eens\u0103\u0219i .!?<\/p>\n\n\n\n<p>Mi-a\u0219 fi dorit ca acest articol s\u0103 nu fie o re-ac\u021biune, dar m\u0103 voi mul\u021bumi deocamdat\u0103 cu at\u00e2t. Dup\u0103 cum spuneam, sunt modest, smerit \u0219i umil.<\/p>\n\n\n\n<p><\/p>\n","protected":false},"excerpt":{"rendered":"<p>Eu am f\u0103cut asta pentru c\u0103 nu am \u00eencredere \u00een cei care simplific\u0103 prea mult lucrurile cu adev\u0103rat complicate; \u0219i pe deasupra mai strecoar\u0103 \u00eentre aser\u021biuni \u0219i 1-2 minciunele, pentru efectul artistic. Desigur, e mare lucru s\u0103 po\u021bi extrage esen\u021bialul dintr-un amalgam de elemente eterogene, dar v\u0103 asigur c\u0103 nu e cazul doamnei Alexandra Halma [&hellip;]<\/p>\n","protected":false},"author":2,"featured_media":0,"comment_status":"open","ping_status":"open","sticky":false,"template":"","format":"standard","meta":{"_jetpack_memberships_contains_paid_content":false,"footnotes":""},"categories":[2],"tags":[41,595,1431,2130,2192],"class_list":["post-2864","post","type-post","status-publish","format-standard","hentry","category-analize","tag-17-ianuarie-2019","tag-ciolos","tag-justitie","tag-psd","tag-recurs-compensatoriu"],"jetpack_featured_media_url":"","jetpack_sharing_enabled":true,"_links":{"self":[{"href":"https:\/\/www.sergiumotreanu.ro\/index.php?rest_route=\/wp\/v2\/posts\/2864","targetHints":{"allow":["GET"]}}],"collection":[{"href":"https:\/\/www.sergiumotreanu.ro\/index.php?rest_route=\/wp\/v2\/posts"}],"about":[{"href":"https:\/\/www.sergiumotreanu.ro\/index.php?rest_route=\/wp\/v2\/types\/post"}],"author":[{"embeddable":true,"href":"https:\/\/www.sergiumotreanu.ro\/index.php?rest_route=\/wp\/v2\/users\/2"}],"replies":[{"embeddable":true,"href":"https:\/\/www.sergiumotreanu.ro\/index.php?rest_route=%2Fwp%2Fv2%2Fcomments&post=2864"}],"version-history":[{"count":0,"href":"https:\/\/www.sergiumotreanu.ro\/index.php?rest_route=\/wp\/v2\/posts\/2864\/revisions"}],"wp:attachment":[{"href":"https:\/\/www.sergiumotreanu.ro\/index.php?rest_route=%2Fwp%2Fv2%2Fmedia&parent=2864"}],"wp:term":[{"taxonomy":"category","embeddable":true,"href":"https:\/\/www.sergiumotreanu.ro\/index.php?rest_route=%2Fwp%2Fv2%2Fcategories&post=2864"},{"taxonomy":"post_tag","embeddable":true,"href":"https:\/\/www.sergiumotreanu.ro\/index.php?rest_route=%2Fwp%2Fv2%2Ftags&post=2864"}],"curies":[{"name":"wp","href":"https:\/\/api.w.org\/{rel}","templated":true}]}}