{"id":298,"date":"2012-11-15T16:47:00","date_gmt":"2012-11-15T14:47:00","guid":{"rendered":"http:\/\/sergiumotreanu.wordpress.com\/?p=298"},"modified":"2012-11-15T16:47:00","modified_gmt":"2012-11-15T14:47:00","slug":"15-noiembrie-1987","status":"publish","type":"post","link":"https:\/\/www.sergiumotreanu.ro\/?p=298","title":{"rendered":"15 noiembrie 1987"},"content":{"rendered":"<p><b>15 noiembrie 1987<\/b><\/p>\n<p>&nbsp;<\/p>\n<p>\u00cen noaptea zilei de 14 spre 15, muncitorii Uzinei de Autocamioane Bra\u0219ov \u201dSteagul Ro\u0219u\u201d de la schimbul III, sec\u021bia 440 \u201dMatri\u021be\u201d, \u00eencep o grev\u0103 spontan\u0103, dup\u0103 ce primesc doar jum\u0103tate din drepturile salariale (pe flutura\u0219ii de salariu, la re\u021bineri era scris cuv\u00e2ntul \u201dsocial\u201d). Ei continu\u0103 greva al\u0103turi de colegii de la schimbul I de a 2-a zi cu proteste \u0219i agita\u021bie \u00een curtea \u00eentreprinderii \u0219i cu un mar\u0219 p\u00e2n\u0103 \u00een centrul ora\u0219ului, \u00een fa\u021ba Comitetului Jude\u021bean al Partidului Comunist Rom\u00e2n, actualul sediu al Prefecturii \u0219i Consiliului Jude\u021bean.<\/p>\n<p>Pe drum, \u00een acordurile imnului Revolu\u021biei de la 1848 \u201dDe\u0219teapt\u0103-te, rom\u00e2ne!\u201d, li se al\u0103tur\u0103 muncitori de la celelalte fabrici bra\u0219ovene, Tractorul, Hidromecanica, elevi, studen\u021bi \u0219i al\u021bi locuitori nemul\u021bumi\u021bi, protestul devenind unul politic \u0219i scand\u00e2ndu-se lozinci anti-comuniste.<\/p>\n<p>Refuzul autorit\u0103\u021bilor de a dialoga cu demonstran\u021bii a provocat luarea cu asalt a sediului Comitetului de c\u0103tre mul\u021bimea adunat\u0103. Portretul lui Ceau\u0219escu a fost dat jos de pe cl\u0103dire \u0219i ars.<\/p>\n<p>A urmat interven\u021bia trupelor speciale de securitate, amenin\u021b\u0103ri, torturi, condamn\u0103ri, arest\u0103ri, deport\u0103ri, cei mai destoinici tor\u021bionari fiind promova\u021bi dup\u0103 1989 \u00een cele mai importante func\u021bii. Vorba ceea: Dup\u0103 fapt\u0103 \u0219i r\u0103splat\u0103.<\/p>\n<p>Ini\u021bial se anun\u021b\u0103 pedeapsa capital\u0103 pentru muncitorii aresta\u021bi, dar sub presiunea guvernelor occidentale \u0219i opiniei publice mondiale, comuni\u0219tii au revenit asupra hot\u0103r\u00e2rii, aplic\u00e2nd doar pedepse capitaliste.<\/p>\n<p>61 de muncitori au fost deporta\u021bi \u00een urma unui proces la fel de \u00eenscenat ca cel la care a fost supus Nicolae Ceau\u0219escu 2 ani mai t\u00e2rziu, dar acum, guvernele occidentale \u0219i opinia public\u0103 mondial\u0103 func\u021bionau dup\u0103 alt fus orar.<\/p>\n<p>Aceast\u0103 revolt\u0103 a fost evenimentul major care a dus la lovitura de stat&#8230; scuze, mereu m\u0103 z\u0103p\u0103cesc aici&#8230; voiam s\u0103 zic Revolu\u021bia din Decembrie 1989.<\/p>\n<p>Din nou sunt nevoit s\u0103 apelez la vorbele de duh ale celor de la Radio Erevan:<\/p>\n<p><b>\u00centrebare: &#8211; Cum se poate trece cel mai u\u0219or de la comunism la capitalism?<\/b><\/p>\n<p><b>R\u0103spuns: &#8211; O solu\u021bie ar fi revolu\u021bia, dar cel mai simplu \u0219i pa\u0219nic&#8230; e o agen\u021bie de voiaj.<\/b><\/p>\n<p>&nbsp;<\/p>\n<p><b>Nou\u0103 ne-a pl\u0103cut s\u0103 ne complic\u0103m.<\/b><\/p>\n","protected":false},"excerpt":{"rendered":"<p>15 noiembrie 1987 &nbsp; \u00cen noaptea zilei de 14 spre 15, muncitorii Uzinei de Autocamioane Bra\u0219ov \u201dSteagul Ro\u0219u\u201d de la schimbul III, sec\u021bia 440 \u201dMatri\u021be\u201d, \u00eencep o grev\u0103 spontan\u0103, dup\u0103 ce primesc doar jum\u0103tate din drepturile salariale (pe flutura\u0219ii de salariu, la re\u021bineri era scris cuv\u00e2ntul \u201dsocial\u201d). Ei continu\u0103 greva al\u0103turi de colegii de la [&hellip;]<\/p>\n","protected":false},"author":2,"featured_media":0,"comment_status":"open","ping_status":"open","sticky":false,"template":"","format":"standard","meta":{"_jetpack_memberships_contains_paid_content":false,"footnotes":""},"categories":[4],"tags":[40,445,547,645,1762,2493],"class_list":["post-298","post","type-post","status-publish","format-standard","hentry","category-diverse","tag-15-noiembrie-1987","tag-brasov","tag-ceausescu","tag-comunism","tag-muncitori","tag-steagu-rosu"],"jetpack_featured_media_url":"","jetpack_sharing_enabled":true,"_links":{"self":[{"href":"https:\/\/www.sergiumotreanu.ro\/index.php?rest_route=\/wp\/v2\/posts\/298","targetHints":{"allow":["GET"]}}],"collection":[{"href":"https:\/\/www.sergiumotreanu.ro\/index.php?rest_route=\/wp\/v2\/posts"}],"about":[{"href":"https:\/\/www.sergiumotreanu.ro\/index.php?rest_route=\/wp\/v2\/types\/post"}],"author":[{"embeddable":true,"href":"https:\/\/www.sergiumotreanu.ro\/index.php?rest_route=\/wp\/v2\/users\/2"}],"replies":[{"embeddable":true,"href":"https:\/\/www.sergiumotreanu.ro\/index.php?rest_route=%2Fwp%2Fv2%2Fcomments&post=298"}],"version-history":[{"count":0,"href":"https:\/\/www.sergiumotreanu.ro\/index.php?rest_route=\/wp\/v2\/posts\/298\/revisions"}],"wp:attachment":[{"href":"https:\/\/www.sergiumotreanu.ro\/index.php?rest_route=%2Fwp%2Fv2%2Fmedia&parent=298"}],"wp:term":[{"taxonomy":"category","embeddable":true,"href":"https:\/\/www.sergiumotreanu.ro\/index.php?rest_route=%2Fwp%2Fv2%2Fcategories&post=298"},{"taxonomy":"post_tag","embeddable":true,"href":"https:\/\/www.sergiumotreanu.ro\/index.php?rest_route=%2Fwp%2Fv2%2Ftags&post=298"}],"curies":[{"name":"wp","href":"https:\/\/api.w.org\/{rel}","templated":true}]}}