{"id":3046,"date":"2021-06-22T10:51:51","date_gmt":"2021-06-22T07:51:51","guid":{"rendered":"https:\/\/sergiumotreanu.ro\/?p=3046"},"modified":"2021-06-22T10:51:51","modified_gmt":"2021-06-22T07:51:51","slug":"evaluare-nationala-2021-limba-si-literatura-romana","status":"publish","type":"post","link":"https:\/\/www.sergiumotreanu.ro\/?p=3046","title":{"rendered":"Evaluare Na\u021bional\u0103 2021 &#8211; Limba \u0219i literatura rom\u00e2n\u0103"},"content":{"rendered":"\n<div class=\"wp-block-file\"><a id=\"wp-block-file--media-a878db12-f8df-48d5-9487-5a3c9adb42a7\" href=\"http:\/\/sergiumotreanu.ro\/wp-content\/uploads\/2021\/06\/EN_VIII_2021_Limba_si_literatura_romana_var_04.pdf\">EN_VIII_2021_Limba_si_literatura_romana_var_04<\/a><a href=\"http:\/\/sergiumotreanu.ro\/wp-content\/uploads\/2021\/06\/EN_VIII_2021_Limba_si_literatura_romana_var_04.pdf\" class=\"wp-block-file__button\" download aria-describedby=\"wp-block-file--media-a878db12-f8df-48d5-9487-5a3c9adb42a7\">Download<\/a><\/div>\n\n\n\n<p>Grigore Vieru zicea c\u0103 a r\u0103mas at\u00e2ta limb\u0103 rom\u00e2n\u0103 \u00een Basarabia \u00eenc\u00e2t ar putea s\u0103 o \u00eenve\u021be \u0219i ru\u0219ii foarte u\u0219or.<br \/>Ei bine, \u00een Rom\u00e2nia e \u0219i mai mult\u0103 &#8211; a\u0219a c\u0103 noi chiar nu avem nicio scuz\u0103.<br \/><\/p>\n\n\n\n<figure class=\"wp-block-image size-large\"><img loading=\"lazy\" decoding=\"async\" width=\"694\" height=\"871\" src=\"http:\/\/sergiumotreanu.ro\/wp-content\/uploads\/2021\/06\/EN-2021-Romana-Pagina1.png\" alt=\"\" class=\"wp-image-3048\" srcset=\"https:\/\/www.sergiumotreanu.ro\/wp-content\/uploads\/2021\/06\/EN-2021-Romana-Pagina1.png 694w, https:\/\/www.sergiumotreanu.ro\/wp-content\/uploads\/2021\/06\/EN-2021-Romana-Pagina1-239x300.png 239w\" sizes=\"auto, (max-width: 694px) 100vw, 694px\" \/><\/figure>\n\n\n\n<figure class=\"wp-block-image size-large\"><img loading=\"lazy\" decoding=\"async\" width=\"696\" height=\"887\" src=\"http:\/\/sergiumotreanu.ro\/wp-content\/uploads\/2021\/06\/EN-2021-Romana-Pagina2.png\" alt=\"\" class=\"wp-image-3049\" srcset=\"https:\/\/www.sergiumotreanu.ro\/wp-content\/uploads\/2021\/06\/EN-2021-Romana-Pagina2.png 696w, https:\/\/www.sergiumotreanu.ro\/wp-content\/uploads\/2021\/06\/EN-2021-Romana-Pagina2-235x300.png 235w\" sizes=\"auto, (max-width: 696px) 100vw, 696px\" \/><\/figure>\n\n\n\n<figure class=\"wp-block-image size-large\"><img loading=\"lazy\" decoding=\"async\" width=\"681\" height=\"898\" src=\"http:\/\/sergiumotreanu.ro\/wp-content\/uploads\/2021\/06\/EN-2021-Romana-Pagina3.png\" alt=\"\" class=\"wp-image-3050\" srcset=\"https:\/\/www.sergiumotreanu.ro\/wp-content\/uploads\/2021\/06\/EN-2021-Romana-Pagina3.png 681w, https:\/\/www.sergiumotreanu.ro\/wp-content\/uploads\/2021\/06\/EN-2021-Romana-Pagina3-228x300.png 228w\" sizes=\"auto, (max-width: 681px) 100vw, 681px\" \/><\/figure>\n\n\n\n<figure class=\"wp-block-image size-large\"><img loading=\"lazy\" decoding=\"async\" width=\"694\" height=\"907\" src=\"http:\/\/sergiumotreanu.ro\/wp-content\/uploads\/2021\/06\/EN-2021-Romana-Pagina4.png\" alt=\"\" class=\"wp-image-3051\" srcset=\"https:\/\/www.sergiumotreanu.ro\/wp-content\/uploads\/2021\/06\/EN-2021-Romana-Pagina4.png 694w, https:\/\/www.sergiumotreanu.ro\/wp-content\/uploads\/2021\/06\/EN-2021-Romana-Pagina4-230x300.png 230w\" sizes=\"auto, (max-width: 694px) 100vw, 694px\" \/><\/figure>\n\n\n\n<figure class=\"wp-block-image size-large\"><img decoding=\"async\" src=\"http:\/\/sergiumotreanu.ro\/wp-content\/uploads\/2021\/06\/EN-2021-Romana-Pagina5-1.png\" alt=\"\" class=\"wp-image-3052\"\/><\/figure>\n\n\n\n<figure class=\"wp-block-image size-large\"><img decoding=\"async\" src=\"http:\/\/sergiumotreanu.ro\/wp-content\/uploads\/2021\/06\/EN-2021-Romana-Pagina6-1.png\" alt=\"\" class=\"wp-image-3053\"\/><\/figure>\n\n\n\n<figure class=\"wp-block-image size-large\"><img decoding=\"async\" src=\"http:\/\/sergiumotreanu.ro\/wp-content\/uploads\/2021\/06\/EN-2021-Romana-Pagina7-1.png\" alt=\"\" class=\"wp-image-3054\"\/><\/figure>\n\n\n\n<figure class=\"wp-block-image size-large\"><img decoding=\"async\" src=\"http:\/\/sergiumotreanu.ro\/wp-content\/uploads\/2021\/06\/EN-2021-Romana-Pagina8-1.png\" alt=\"\" class=\"wp-image-3055\"\/><\/figure>\n\n\n\n<p><\/p>\n","protected":false},"excerpt":{"rendered":"<p>Grigore Vieru zicea c\u0103 a r\u0103mas at\u00e2ta limb\u0103 rom\u00e2n\u0103 \u00een Basarabia \u00eenc\u00e2t ar putea s\u0103 o \u00eenve\u021be \u0219i ru\u0219ii foarte u\u0219or.Ei bine, \u00een Rom\u00e2nia e \u0219i mai mult\u0103 &#8211; a\u0219a c\u0103 noi chiar nu avem nicio scuz\u0103.<\/p>\n","protected":false},"author":2,"featured_media":0,"comment_status":"open","ping_status":"open","sticky":false,"template":"","format":"standard","meta":{"_jetpack_memberships_contains_paid_content":false,"footnotes":""},"categories":[4],"tags":[353,970,1170,1520],"class_list":["post-3046","post","type-post","status-publish","format-standard","hentry","category-diverse","tag-basarabia","tag-evaluare-nationala-2021","tag-grigore-vieru","tag-limba-romana"],"jetpack_featured_media_url":"","jetpack_sharing_enabled":true,"_links":{"self":[{"href":"https:\/\/www.sergiumotreanu.ro\/index.php?rest_route=\/wp\/v2\/posts\/3046","targetHints":{"allow":["GET"]}}],"collection":[{"href":"https:\/\/www.sergiumotreanu.ro\/index.php?rest_route=\/wp\/v2\/posts"}],"about":[{"href":"https:\/\/www.sergiumotreanu.ro\/index.php?rest_route=\/wp\/v2\/types\/post"}],"author":[{"embeddable":true,"href":"https:\/\/www.sergiumotreanu.ro\/index.php?rest_route=\/wp\/v2\/users\/2"}],"replies":[{"embeddable":true,"href":"https:\/\/www.sergiumotreanu.ro\/index.php?rest_route=%2Fwp%2Fv2%2Fcomments&post=3046"}],"version-history":[{"count":0,"href":"https:\/\/www.sergiumotreanu.ro\/index.php?rest_route=\/wp\/v2\/posts\/3046\/revisions"}],"wp:attachment":[{"href":"https:\/\/www.sergiumotreanu.ro\/index.php?rest_route=%2Fwp%2Fv2%2Fmedia&parent=3046"}],"wp:term":[{"taxonomy":"category","embeddable":true,"href":"https:\/\/www.sergiumotreanu.ro\/index.php?rest_route=%2Fwp%2Fv2%2Fcategories&post=3046"},{"taxonomy":"post_tag","embeddable":true,"href":"https:\/\/www.sergiumotreanu.ro\/index.php?rest_route=%2Fwp%2Fv2%2Ftags&post=3046"}],"curies":[{"name":"wp","href":"https:\/\/api.w.org\/{rel}","templated":true}]}}