{"id":309,"date":"2012-11-18T20:53:45","date_gmt":"2012-11-18T18:53:45","guid":{"rendered":"http:\/\/sergiumotreanu.wordpress.com\/?p=309"},"modified":"2012-11-18T20:53:45","modified_gmt":"2012-11-18T18:53:45","slug":"18-noiembrie-i-will-tell-you","status":"publish","type":"post","link":"https:\/\/www.sergiumotreanu.ro\/?p=309","title":{"rendered":"18 noiembrie &#8211; i Will Tell you"},"content":{"rendered":"<p><b>18 noiembrie<\/b><\/p>\n<p>&nbsp;<\/p>\n<p><b>1307<\/b> &#8211; Legenda lui Will-iam Tell (pe care francezii \u00eel numesc Guillaume &#8211; mi s-a p\u0103rut funny men\u021biunea) ne poveste\u0219te c\u0103, \u00een aceast\u0103 zi, eroul nostru \u00eempreun\u0103 cu fiul s\u0103u au fost aresta\u021bi de conduc\u0103torul \u021binutului, Albrecht Gessler, pentru nesupunere, urm\u00e2nd s\u0103 fie executa\u021bi.<\/p>\n<p>Totu\u0219i, cunosc\u00e2ndu-i m\u0103iestria \u0219i fiind impresionat de calit\u0103\u021bile impresionante \u00een m\u00e2nuirea arbaletei, Gessler \u00eei ofer\u0103 \u0219ansa salv\u0103rii de la moarte. Cum ? Propun\u00e2ndu-i s\u0103 nimereasc\u0103 dintr-o singur\u0103 lovitur\u0103 un m\u0103r care va sta deasupra capului fiului s\u0103u. Ceea ce William va \u0219i face, sco\u021b\u00e2nd din tolb\u0103 2 s\u0103ge\u021bi, nu una. Chestionat \u00een leg\u0103tur\u0103 cu acest detaliu, Tell i-a spus lui Gessler c\u0103 a 2-a s\u0103geat\u0103 \u00eei era destinat\u0103 lui, \u00een cazul \u00een care prima nu \u0219i-ar fi nimerit \u021binta.<\/p>\n<p>Legenda continu\u0103 cu patriotismul exacerbat, cu lupta dintre bine \u0219i r\u0103u, cu morala de rigoare, bla, bla, bla &#8230; dar pentru cei care confund\u0103 \u201dWilliamii\u201d, le pot spune c\u0103 aceasta este o legend\u0103 elve\u021bian\u0103, nu englez\u0103 &#8230; cu un erou elve\u021bian, nu englez. De acolo \u0219i denumirea \u00een francez\u0103 (limb\u0103 oficial\u0103 \u00een Elve\u021bia) care parc\u0103 nu mai pare at\u00e2t de funny. \ud83d\ude09<\/p>\n<p>&nbsp;<\/p>\n<p><b>1863<\/b> &#8211; Regele Christian IX al Danemarcei decide s\u0103 ratifice a\u0219a zisa \u201dConstitu\u021bie din Noiembrie\u201d prin care Schleswig-ul (partea de sud a Peninsului Iutlanda, Jylland \u00een danez\u0103) devine parte integrant\u0103 din Danemarca.<\/p>\n<p>Evident, acest act este v\u0103zut de c\u0103tre Confedera\u021bia german\u0103 ca o violare a Protocolului de la Londra din 8 mai 1852 \u0219i va duce la izbucnirea R\u0103zboiului Germano-Danze \u00een 1864. Conflictul se \u00eencheie cu \u00eenfr\u00e2ngerea Danemarcei de c\u0103tre Prusia \u0219i Austria \u0219i pierderea de c\u0103tre regat a regiunii Schleswig-Holstein.<\/p>\n<p>O statistic\u0103 interesant\u0103: acest r\u0103zboi a fost ultimul victorios din istoria Austriei \/ Austro-Ungariei (din 1867), urm\u00e2nd o serie de \u00eenfr\u00e2ngeri din partea francezilor, piemontezilor, prusacilor, rom\u00e2nilor, serbilor \u0219i altor popoare &#8230; care vor duce \u00een anul 1918 la desfiin\u021barea m\u0103re\u021bului c\u00e2ndva imperiu cu o influen\u021b\u0103 major\u0103 asupra Europei Moderne \u0219i Medievale.<\/p>\n<p>&nbsp;<\/p>\n<p><b>1988<\/b> &#8211; Ronald Reagan, pre\u0219edintele Statelor Unite ale Americii, amendeaz\u0103 legea prin care trafican\u021bii de droguri pot fi condamna\u021bi, iar ace\u0219tia primesc chiar \u0219i pedeapsa capital\u0103, \u00een func\u021bie de \u201dintensitatea \u0219i urm\u0103rile traficului\u201d &#8230; deci nu a faptei \u00een sine.<\/p>\n<p>Dup\u0103 aceast\u0103 impruden\u021b\u0103, a fost sf\u0103tuit de ni\u0219te b\u0103ie\u021bi cu gulere albe \u0219i cu c\u0103m\u0103\u0219i negre s\u0103 execute dansul pinguinului &#8230; doar varianta cu 2 pa\u0219i \u00eenapoi.<\/p>\n<p>Este doar o coinciden\u021b\u0103 c\u0103 cei de la Rezerva Federal\u0103, pe l\u00e2ng\u0103 investi\u021biile \u00een industria de armament, s-au orientat spre \u00eenc\u0103 2 mari domenii aduc\u0103toare de profituri uria\u0219e: jocurile de noroc \u0219i, evident, traficul de droguri. Mai ales c\u0103 e vorba despre Rezerva Federal\u0103 de pe Marte.<\/p>\n","protected":false},"excerpt":{"rendered":"<p>18 noiembrie &nbsp; 1307 &#8211; Legenda lui Will-iam Tell (pe care francezii \u00eel numesc Guillaume &#8211; mi s-a p\u0103rut funny men\u021biunea) ne poveste\u0219te c\u0103, \u00een aceast\u0103 zi, eroul nostru \u00eempreun\u0103 cu fiul s\u0103u au fost aresta\u021bi de conduc\u0103torul \u021binutului, Albrecht Gessler, pentru nesupunere, urm\u00e2nd s\u0103 fie executa\u021bi. Totu\u0219i, cunosc\u00e2ndu-i m\u0103iestria \u0219i fiind impresionat de calit\u0103\u021bile [&hellip;]<\/p>\n","protected":false},"author":2,"featured_media":0,"comment_status":"open","ping_status":"open","sticky":false,"template":"","format":"standard","meta":{"_jetpack_memberships_contains_paid_content":false,"footnotes":""},"categories":[4],"tags":[],"class_list":["post-309","post","type-post","status-publish","format-standard","hentry","category-diverse"],"jetpack_featured_media_url":"","jetpack_sharing_enabled":true,"_links":{"self":[{"href":"https:\/\/www.sergiumotreanu.ro\/index.php?rest_route=\/wp\/v2\/posts\/309","targetHints":{"allow":["GET"]}}],"collection":[{"href":"https:\/\/www.sergiumotreanu.ro\/index.php?rest_route=\/wp\/v2\/posts"}],"about":[{"href":"https:\/\/www.sergiumotreanu.ro\/index.php?rest_route=\/wp\/v2\/types\/post"}],"author":[{"embeddable":true,"href":"https:\/\/www.sergiumotreanu.ro\/index.php?rest_route=\/wp\/v2\/users\/2"}],"replies":[{"embeddable":true,"href":"https:\/\/www.sergiumotreanu.ro\/index.php?rest_route=%2Fwp%2Fv2%2Fcomments&post=309"}],"version-history":[{"count":0,"href":"https:\/\/www.sergiumotreanu.ro\/index.php?rest_route=\/wp\/v2\/posts\/309\/revisions"}],"wp:attachment":[{"href":"https:\/\/www.sergiumotreanu.ro\/index.php?rest_route=%2Fwp%2Fv2%2Fmedia&parent=309"}],"wp:term":[{"taxonomy":"category","embeddable":true,"href":"https:\/\/www.sergiumotreanu.ro\/index.php?rest_route=%2Fwp%2Fv2%2Fcategories&post=309"},{"taxonomy":"post_tag","embeddable":true,"href":"https:\/\/www.sergiumotreanu.ro\/index.php?rest_route=%2Fwp%2Fv2%2Ftags&post=309"}],"curies":[{"name":"wp","href":"https:\/\/api.w.org\/{rel}","templated":true}]}}