{"id":45,"date":"2008-12-01T00:21:07","date_gmt":"2008-11-30T22:21:07","guid":{"rendered":"http:\/\/sergiumotreanu.wordpress.com\/?p=45"},"modified":"2008-12-01T00:21:07","modified_gmt":"2008-11-30T22:21:07","slug":"vremuri","status":"publish","type":"post","link":"https:\/\/www.sergiumotreanu.ro\/?p=45","title":{"rendered":"Vremuri"},"content":{"rendered":"<p><strong>Tr\u0103im vremuri tulburi &#8230; <\/strong><\/p>\n<p>Aceast\u0103 al\u0103turare de cuvinte, rostit\u0103 de un cet\u0103\u0163ean oarecare (ofer scuzele de rigoare comunit\u0103\u0163ii apatrizilor), exprim\u0103 de cele mai multe ori confuzie, pesimism, resemnare, frustrare, complexe de nedep\u0103\u015fit, orizont dureros de apropiat \u015fi \u00eentunecat, lipsa unei viziuni clare.<br \/>\n\u00censu\u015fi cuv\u00e2ntul \u201etulbure\u201d face referire la ceva lipsit de transparen\u0163\u0103, de limpezime, de claritate.<br \/>\nApele tulburi sunt agitate \u015fi \u00eenvolburate.<br \/>\nCerul tulbure este \u00eentunecat \u015fi posomor\u00e2t.<br \/>\nPrivirea tulbure este \u00eence\u0163o\u015fat\u0103 \u015fi \u00eemp\u0103ienjenit\u0103.<br \/>\nSpectrul economico-politico-social tulbure este fr\u0103m\u00e2ntat \u015fi zbuciumat.<\/p>\n<p>Ideile din aceste vremuri sunt \u00eemb\u00e2csite, nu au ecou \u00een timp, nu au spa\u0163iu \u00een timp, nu au timp \u00een spa\u0163iu.<br \/>\nMintea tulbure func\u0163ioneaz\u0103 dup\u0103 \u201elegea efectului invers\u201d. Este \u00eencordat\u0103 c\u00e2nd ar trebui s\u0103 fie relaxat\u0103 \u015fi &#8230; invers (a\u015fa e legea).<br \/>\nDin ce cauz\u0103 \u015fi c\u00e2nd se \u00eent\u00e2mpl\u0103 aceast\u0103 \u00eencordare-relaxare ?<br \/>\nOamenii (\u00een goana lor prin via\u0163\u0103 dup\u0103 via\u0163\u0103) \u00eencearc\u0103 s\u0103 evite multe lucruri, generic intitulate ca fiind lucruri rele. Ori nu reu\u015fesc dec\u00e2t s\u0103 cad\u0103 prad\u0103 exact acelora\u015fi lucruri. Dac\u0103 depui un efort mare s\u0103 evi\u0163i ceva, rezultatul este exact invers, devii o victim\u0103 sigur\u0103 a acelui lucru.<br \/>\n<strong><\/strong><\/p>\n<p><strong>Dac\u0103 te str\u0103duie\u015fti din greu s\u0103 faci ceva f\u0103r\u0103 s\u0103 \u00een\u0163elegi principiile fundamentale, rezultatul va fi exact invers. Aceasta este \u201clegea efectului invers\u201d. <\/strong>Nu eu am inventat-o.<\/p>\n<p>B\u0103nuiesc c\u0103 dori\u0163i \u015fi solu\u0163ii pentru a nu mai avea mintea \u00een contratimp \u2026 m\u0103 g\u00e2ndeam eu c\u0103 o s\u0103 m\u0103 \u00eentreba\u0163i \u015fi asta \ud83d\ude42 \u2026<br \/>\n\u00cencepe\u0163i cu con\u015ftientizarea. Con\u015ftientizarea te face s\u0103 nu te mai identifici cu mintea \u015fi cu temerile pe care aceasta \u00eencearc\u0103 s\u0103 le \u00eenfrunte. \u015ei astfel se relaxeaz\u0103 corpul. Asta e solu\u0163ia pentru ezoterici.<br \/>\nPute\u0163i s\u0103 \u00eencepe\u0163i chiar cu relaxarea. L\u0103sa\u0163i \u00eencordarea s\u0103 dispar\u0103, iar pe m\u0103sur\u0103 ce v\u0103 ve\u0163i relaxa \u015fi v\u0103 ve\u0163i deta\u015fa tot mai mult, ve\u0163i constata c\u0103 \u00een voi apare o anumit\u0103 con\u015ftien\u0163\u0103. Relaxarea \u015fi con\u015ftien\u0163a sunt buni prieteni acum. Asta e solu\u0163ia pentru exoterici.<br \/>\n\u015ei totu\u015fi, \u00een timp ce relaxarea implic\u0103 tot timpul con\u015ftientizare, aceasta din urm\u0103 nu implic\u0103 tot timpul relaxare.<br \/>\n\u00cen cadrul celei de-a 2-a solu\u0163ii, \u00eensu\u015fi efortul de a te relaxa creeaz\u0103 ini\u0163ial o anumit\u0103 tensiune.<br \/>\nDe aceea recomand prima solu\u0163ie, pentru c\u0103 e mai sigur\u0103 \u015fi mai spiritual\u0103.<\/p>\n<p>Dar dac\u0103 am tr\u0103i vremuri clare ?<\/p>\n<p>Aparent, claritatea reflect\u0103 eviden\u0163\u0103, vizibilitate, precizie, limpezime, str\u0103lucire.<br \/>\nEu voi spune doar at\u00e2t: claritatea reflect\u0103. Iar reflexia orbe\u015fte vederea \u015fi mintea celui care caut\u0103.<\/p>\n<p>Ce  caut\u0103 ? <strong>Ce c\u0103ut\u0103m cu to\u0163ii \u2026 Cunoa\u015fterea.<\/strong><\/p>\n<p>Pe acest drum al cunoa\u015fterii, claritatea este o a\u015fa-zis\u0103 putere, viziune care \u00eel face pe om s\u0103 nu se mai \u00eendoiasc\u0103 niciodat\u0103 de el \u00eensu\u015fi, \u00eei d\u0103 certitudinea c\u0103 poate face tot ce dore\u015fte, deoarece vede \u00een profunzimea lucrurilor. Claritatea alimenteaz\u0103 ego-ul.<br \/>\nDar toate acestea sunt iluzii. Ceea ce vede omul este o idee netrasformat\u0103 care se \u00eentoarce la el conform \u201clegii oglinzilor\u201d. At\u00e2t c\u00e2t poate s\u0103 vad\u0103 un om orbit de reflexia str\u0103lucirii clare.<\/p>\n<p>Solu\u0163ia \u2026 mea.<\/p>\n<p>Pentru a putea dep\u0103\u015fi aceast\u0103 stare trebuie procedat ca \u015fi \u00een cazul fricii (vezi <a title=\"10 ganduri de Craciun\" href=\"http:\/\/sergiumotreanu.wordpress.com\/2007\/12\/26\/10-ganduri-de-craciun\/\" target=\"_blank\" rel=\"noopener\">10 g\u00e2nduri de Cr\u0103ciun<\/a>): omul trebuie s\u0103-\u015fi sfideze claritatea \u015fi s\u0103 o foloseasc\u0103 pentru a vedea doar \u00een vremurile tulburi, s\u0103 a\u015ftepte r\u0103bd\u0103tor aceste vremuri \u015fi s\u0103-\u015fi preg\u0103teasc\u0103 cu grij\u0103 urm\u0103torul pas.<\/p>\n<p>\u015ei va veni un moment c\u00e2nd vom \u00een\u0163elege c\u0103 aceste vremuri tulburi-clare au fost doar un punct \u00een fa\u0163a ochilor no\u015ftri, nu un peisaj. Vom avea r\u0103bdarea \u015fi viziunea necesar\u0103 s\u0103 a\u015ftept\u0103m \u015fi s\u0103 vedem cum cre\u015fte iarba. Dar mai presus de at\u00e2t, vom auzi cum cre\u015fte iarba.<\/p>\n<p><strong>Tr\u0103im vremuri clare \u2026<\/strong><\/p>\n<p><strong>P.S. \u00ce\u0163i doresc o transformare l\u0103untric\u0103, prietene Andrei.<\/strong><\/p>\n","protected":false},"excerpt":{"rendered":"<p>Tr\u0103im vremuri tulburi &#8230; Aceast\u0103 al\u0103turare de cuvinte, rostit\u0103 de un cet\u0103\u0163ean oarecare (ofer scuzele de rigoare comunit\u0103\u0163ii apatrizilor), exprim\u0103 de cele mai multe ori confuzie, pesimism, resemnare, frustrare, complexe de nedep\u0103\u015fit, orizont dureros de apropiat \u015fi \u00eentunecat, lipsa unei viziuni clare. \u00censu\u015fi cuv\u00e2ntul \u201etulbure\u201d face referire la ceva lipsit de transparen\u0163\u0103, de limpezime, de [&hellip;]<\/p>\n","protected":false},"author":2,"featured_media":0,"comment_status":"open","ping_status":"open","sticky":false,"template":"","format":"standard","meta":{"_jetpack_memberships_contains_paid_content":false,"footnotes":""},"categories":[7],"tags":[],"class_list":["post-45","post","type-post","status-publish","format-standard","hentry","category-ganduri"],"jetpack_featured_media_url":"","jetpack_sharing_enabled":true,"_links":{"self":[{"href":"https:\/\/www.sergiumotreanu.ro\/index.php?rest_route=\/wp\/v2\/posts\/45","targetHints":{"allow":["GET"]}}],"collection":[{"href":"https:\/\/www.sergiumotreanu.ro\/index.php?rest_route=\/wp\/v2\/posts"}],"about":[{"href":"https:\/\/www.sergiumotreanu.ro\/index.php?rest_route=\/wp\/v2\/types\/post"}],"author":[{"embeddable":true,"href":"https:\/\/www.sergiumotreanu.ro\/index.php?rest_route=\/wp\/v2\/users\/2"}],"replies":[{"embeddable":true,"href":"https:\/\/www.sergiumotreanu.ro\/index.php?rest_route=%2Fwp%2Fv2%2Fcomments&post=45"}],"version-history":[{"count":0,"href":"https:\/\/www.sergiumotreanu.ro\/index.php?rest_route=\/wp\/v2\/posts\/45\/revisions"}],"wp:attachment":[{"href":"https:\/\/www.sergiumotreanu.ro\/index.php?rest_route=%2Fwp%2Fv2%2Fmedia&parent=45"}],"wp:term":[{"taxonomy":"category","embeddable":true,"href":"https:\/\/www.sergiumotreanu.ro\/index.php?rest_route=%2Fwp%2Fv2%2Fcategories&post=45"},{"taxonomy":"post_tag","embeddable":true,"href":"https:\/\/www.sergiumotreanu.ro\/index.php?rest_route=%2Fwp%2Fv2%2Ftags&post=45"}],"curies":[{"name":"wp","href":"https:\/\/api.w.org\/{rel}","templated":true}]}}