{"id":63,"date":"2010-03-01T23:52:18","date_gmt":"2010-03-01T21:52:18","guid":{"rendered":"http:\/\/sergiumotreanu.wordpress.com\/?p=63"},"modified":"2010-03-01T23:52:18","modified_gmt":"2010-03-01T21:52:18","slug":"omul-de-piatra-%c8%99i-fluturele-galben-de-o-zi","status":"publish","type":"post","link":"https:\/\/www.sergiumotreanu.ro\/?p=63","title":{"rendered":"Omul de piatr\u0103 \u0219i Fluturele galben de o zi"},"content":{"rendered":"<p>O scriere de prim\u0103var\u0103, neprelucrat\u0103, nefinisat\u0103 &#8230; dup\u0103 o partid\u0103 aprig\u0103 de fotbal &#8230; sub o lun\u0103 aberant de mare, sclipitor de plin\u0103, liberal de galben\u0103 &#8230; pe un p\u0103m\u00e2nt negru-verzui, gri-alb\u0103striu &#8230; care a \u00eenceput s\u0103 ame\u021beasc\u0103 de la at\u00e2ta rota\u021bie \u0219i lovitur\u0103 de stat ( scuze, revolu\u021bie). C\u0103 a \u00eenceput s\u0103 ame\u021beasc\u0103 nu-i bai, dar c\u00e2nd \u00eencepe s\u0103 \u0219i expectoreze, atunci s\u0103 te \u021bii bine de scar\u0103, s\u0103 nu cazi &#8230; fie ea scara \u0219i Richter. Cred c\u0103 \u0219i formula noastr\u0103 de salut sau mai degrab\u0103 urarea &#8220;vezi c\u0103 te ia Gaia&#8221; are leg\u0103tur\u0103 cu aceast\u0103 \u00eenfr\u0103\u021bire vitreg\u0103 dintre om \u0219i ceea ce calc\u0103 \u00een picioare \u00een fiecare zi.<\/p>\n<p>Ciocoii vechi \u0219i noi &#8211; sau &#8211; ce na\u0219te din pisic\u0103 \u0219oareci m\u0103n\u00e2nc\u0103.<\/p>\n<p>Moralitatea te cost\u0103 pe tine \u0219i imoralitatea se pl\u0103te\u0219te de c\u0103tre ei &#8211; sau &#8211; nu suntem pl\u0103ti\u021bi pentru a fi morali.<\/p>\n<p>\u00cencerc de la \u00eenceputul anului s\u0103 \u00eemi <a href=\"http:\/\/sergiumotreanu.wordpress.com\/2007\/10\/25\/a-sti-sau-a-nu-fi-memorie-si-gandire-vise\/\">magnetizez g\u00e2ndirea \u00a0\u0219i s\u0103 \u00eemi organizez memoria<\/a>. Mai mult de at\u00e2t, \u00eencerc s\u0103 \u00eemi organicizez memoria, pentru c\u0103 mai devreme sau mai t\u00e2rziu tot \u00een organic ar trebui s\u0103 ne \u00eenr\u0103d\u0103cin\u0103m.<\/p>\n<p>Cu oarece rezultate notabile. Am reu\u0219it s\u0103 aflu, de exemplu,\u00a0 c\u00e2nd am sim\u021bit pentru prima oar\u0103 fiorul fricii. Aveam vreo 4-5 ani \u0219i ascultam discuri de vinil (eu \u0219i fratele meu le ziceam pl\u0103ci) la pick-up. Iar dintr-un plic (mai m\u0103ricel) am scos o plac\u0103 cu 2 pove\u0219ti: Omul de piatr\u0103 \u0219i Fluturele galben de o zi. \u00a0Nu \u0219tiu exact care dintre cele 2 m-a speriat mai mult. Cred c\u0103 au f\u0103cut echip\u0103 bun\u0103 &#8230; Pentru o zi am \u00eempietrit &#8230;<\/p>\n<p>\u0218i tot cu ocazia asta am aflat c\u0103 Nicolae Filimon a scris \u0219i despre oameni de piatr\u0103, nu doar despre ciocoi.<\/p>\n<p>C\u00e2nd voi afla cine a scris povestea cu Fluturele galben de o zi, v\u0103 voi spune cum am tr\u0103it prima spaim\u0103 cu adev\u0103rat organic\u0103 din via\u021ba mea.<\/p>\n","protected":false},"excerpt":{"rendered":"<p>O scriere de prim\u0103var\u0103, neprelucrat\u0103, nefinisat\u0103 &#8230; dup\u0103 o partid\u0103 aprig\u0103 de fotbal &#8230; sub o lun\u0103 aberant de mare, sclipitor de plin\u0103, liberal de galben\u0103 &#8230; pe un p\u0103m\u00e2nt negru-verzui, gri-alb\u0103striu &#8230; care a \u00eenceput s\u0103 ame\u021beasc\u0103 de la at\u00e2ta rota\u021bie \u0219i lovitur\u0103 de stat ( scuze, revolu\u021bie). C\u0103 a \u00eenceput s\u0103 ame\u021beasc\u0103 nu-i [&hellip;]<\/p>\n","protected":false},"author":2,"featured_media":0,"comment_status":"open","ping_status":"open","sticky":false,"template":"","format":"standard","meta":{"_jetpack_memberships_contains_paid_content":false,"footnotes":""},"categories":[7],"tags":[],"class_list":["post-63","post","type-post","status-publish","format-standard","hentry","category-ganduri"],"jetpack_featured_media_url":"","jetpack_sharing_enabled":true,"_links":{"self":[{"href":"https:\/\/www.sergiumotreanu.ro\/index.php?rest_route=\/wp\/v2\/posts\/63","targetHints":{"allow":["GET"]}}],"collection":[{"href":"https:\/\/www.sergiumotreanu.ro\/index.php?rest_route=\/wp\/v2\/posts"}],"about":[{"href":"https:\/\/www.sergiumotreanu.ro\/index.php?rest_route=\/wp\/v2\/types\/post"}],"author":[{"embeddable":true,"href":"https:\/\/www.sergiumotreanu.ro\/index.php?rest_route=\/wp\/v2\/users\/2"}],"replies":[{"embeddable":true,"href":"https:\/\/www.sergiumotreanu.ro\/index.php?rest_route=%2Fwp%2Fv2%2Fcomments&post=63"}],"version-history":[{"count":0,"href":"https:\/\/www.sergiumotreanu.ro\/index.php?rest_route=\/wp\/v2\/posts\/63\/revisions"}],"wp:attachment":[{"href":"https:\/\/www.sergiumotreanu.ro\/index.php?rest_route=%2Fwp%2Fv2%2Fmedia&parent=63"}],"wp:term":[{"taxonomy":"category","embeddable":true,"href":"https:\/\/www.sergiumotreanu.ro\/index.php?rest_route=%2Fwp%2Fv2%2Fcategories&post=63"},{"taxonomy":"post_tag","embeddable":true,"href":"https:\/\/www.sergiumotreanu.ro\/index.php?rest_route=%2Fwp%2Fv2%2Ftags&post=63"}],"curies":[{"name":"wp","href":"https:\/\/api.w.org\/{rel}","templated":true}]}}