{"id":918,"date":"2014-02-09T23:05:25","date_gmt":"2014-02-09T21:05:25","guid":{"rendered":"http:\/\/sergiumotreanu.wordpress.com\/?p=918"},"modified":"2014-02-09T23:05:25","modified_gmt":"2014-02-09T21:05:25","slug":"ziua-soarelui","status":"publish","type":"post","link":"https:\/\/www.sergiumotreanu.ro\/?p=918","title":{"rendered":"Ziua Soarelui"},"content":{"rendered":"<p><span style=\"line-height:1.5em;\">Greu de crezut \u0219i aproape imposibil de anticipat, dar ast\u0103zi se \u00eenregistreaz\u0103 o premier\u0103 istoric\u0103 pentru blogul meu (\u00eenc\u0103 destul de tinerel). \ud83d\ude09<\/span><\/p>\n<p><strong><span style=\"line-height:1.5em;\">Azi, 9 februarie 2014, la 7 ani f\u0103r\u0103 3 zile de la inaugurare, este prima zi \u00een care voi publica 2 articole \u00een aceea\u0219i zi (acesta fiind cel de-al 2-lea). \ud83d\ude42<\/span><\/strong><\/p>\n<p>De ce acum ? Pentru c\u0103 peste c\u00e2teva zile este <strong>Ziua \u00cendr\u0103gosti\u021bilor<\/strong> (bleah), laitmotivul ini\u021bial al blogului meu, iar \u00een aceast\u0103 duminic\u0103 eu sunt plin de soare. \ud83d\ude00<\/p>\n<p>http:\/\/www.youtube.com\/watch?v=IXu3_jK4QEM<\/p>\n","protected":false},"excerpt":{"rendered":"<p>Greu de crezut \u0219i aproape imposibil de anticipat, dar ast\u0103zi se \u00eenregistreaz\u0103 o premier\u0103 istoric\u0103 pentru blogul meu (\u00eenc\u0103 destul de tinerel). \ud83d\ude09 Azi, 9 februarie 2014, la 7 ani f\u0103r\u0103 3 zile de la inaugurare, este prima zi \u00een care voi publica 2 articole \u00een aceea\u0219i zi (acesta fiind cel de-al 2-lea). \ud83d\ude42 De [&hellip;]<\/p>\n","protected":false},"author":2,"featured_media":0,"comment_status":"open","ping_status":"open","sticky":false,"template":"","format":"standard","meta":{"_jetpack_memberships_contains_paid_content":false,"footnotes":""},"categories":[12],"tags":[88,285,366,757,1279,1379,2078,2434,2536],"class_list":["post-918","post","type-post","status-publish","format-standard","hentry","category-music","tag-7-ani","tag-articole","tag-beautiful","tag-daniel-boone","tag-inaugurare","tag-iubire","tag-premiera","tag-soare","tag-sunday"],"jetpack_featured_media_url":"","jetpack_sharing_enabled":true,"_links":{"self":[{"href":"https:\/\/www.sergiumotreanu.ro\/index.php?rest_route=\/wp\/v2\/posts\/918","targetHints":{"allow":["GET"]}}],"collection":[{"href":"https:\/\/www.sergiumotreanu.ro\/index.php?rest_route=\/wp\/v2\/posts"}],"about":[{"href":"https:\/\/www.sergiumotreanu.ro\/index.php?rest_route=\/wp\/v2\/types\/post"}],"author":[{"embeddable":true,"href":"https:\/\/www.sergiumotreanu.ro\/index.php?rest_route=\/wp\/v2\/users\/2"}],"replies":[{"embeddable":true,"href":"https:\/\/www.sergiumotreanu.ro\/index.php?rest_route=%2Fwp%2Fv2%2Fcomments&post=918"}],"version-history":[{"count":0,"href":"https:\/\/www.sergiumotreanu.ro\/index.php?rest_route=\/wp\/v2\/posts\/918\/revisions"}],"wp:attachment":[{"href":"https:\/\/www.sergiumotreanu.ro\/index.php?rest_route=%2Fwp%2Fv2%2Fmedia&parent=918"}],"wp:term":[{"taxonomy":"category","embeddable":true,"href":"https:\/\/www.sergiumotreanu.ro\/index.php?rest_route=%2Fwp%2Fv2%2Fcategories&post=918"},{"taxonomy":"post_tag","embeddable":true,"href":"https:\/\/www.sergiumotreanu.ro\/index.php?rest_route=%2Fwp%2Fv2%2Ftags&post=918"}],"curies":[{"name":"wp","href":"https:\/\/api.w.org\/{rel}","templated":true}]}}